{"id":9092,"date":"2025-10-23T13:41:00","date_gmt":"2025-10-23T13:41:00","guid":{"rendered":"https:\/\/www.abchukuk.com\/index.php\/2025\/10\/23\/akpli-belediye-baskani-ozgur-ozelin-iddialarini-dogruladi-tazminat-davasi-acacak\/"},"modified":"2025-10-23T13:41:00","modified_gmt":"2025-10-23T13:41:00","slug":"akpli-belediye-baskani-ozgur-ozelin-iddialarini-dogruladi-tazminat-davasi-acacak","status":"publish","type":"post","link":"https:\/\/www.abchukuk.com\/index.php\/2025\/10\/23\/akpli-belediye-baskani-ozgur-ozelin-iddialarini-dogruladi-tazminat-davasi-acacak\/","title":{"rendered":"AKP\u2019li belediye ba\u015fkan\u0131, \u00d6zg\u00fcr \u00d6zel&#8217;in iddialar\u0131n\u0131 do\u011frulad\u0131: Tazminat davas\u0131 a\u00e7acak!"},"content":{"rendered":"<p>AKP&#8217;li Arnavutk\u00f6y Belediye Ba\u015fkan\u0131 Mustafa Candaro\u011flu, CHP lideri \u00d6zg\u00fcr \u00d6zel&#8217;in \u2018Kanal \u0130stanbul\u2019 iddialar\u0131n\u0131 do\u011frulad\u0131. \u00d6te yandan Candaro\u011flu, \u00d6zel\u2019e tazminat davas\u0131 a\u00e7aca\u011f\u0131n\u0131 s\u00f6yledi.AKP&#8217;li Arnavutk\u00f6y Belediye Ba\u015fkan\u0131 Mustafa Candaro\u011flu, CHP lideri \u00d6zg\u00fcr \u00d6zel&#8217;in \u2018Kanal \u0130stanbul\u2019 iddialar\u0131n\u0131 do\u011frulad\u0131. \u00d6te yandan Candaro\u011flu, \u00d6zel\u2019e tazminat davas\u0131 a\u00e7aca\u011f\u0131n\u0131 s\u00f6yledi.\u00a0<a href=\"https:\/\/www.cumhuriyet.com.tr\/siyaset\/akp-li-belediye-baskani-ozgur-ozel-in-iddialarini-dogruladi-tazminat-davasi-acacak-2446315\" target=\"_blank\" class=\"feedzy-rss-link-icon\">Read More<\/a><\/p>","protected":false},"excerpt":{"rendered":"<p>AKP&#8217;li Arnavutk\u00f6y Belediye Ba\u015fkan\u0131 Mustafa Candaro\u011flu, CHP lideri \u00d6zg\u00fcr \u00d6zel&#8217;in \u2018Kanal \u0130stanbul\u2019 iddialar\u0131n\u0131 do\u011frulad\u0131. \u00d6te yandan Candaro\u011flu, \u00d6zel\u2019e tazminat davas\u0131 a\u00e7aca\u011f\u0131n\u0131 s\u00f6yledi.AKP&#8217;li Arnavutk\u00f6y Belediye Ba\u015fkan\u0131 Mustafa Candaro\u011flu, CHP lideri \u00d6zg\u00fcr \u00d6zel&#8217;in \u2018Kanal \u0130stanbul\u2019 iddialar\u0131n\u0131 do\u011frulad\u0131. \u00d6te yandan Candaro\u011flu, \u00d6zel\u2019e tazminat davas\u0131 a\u00e7aca\u011f\u0131n\u0131 s\u00f6yledi.\u00a0Read More<\/p>\n","protected":false},"author":1,"featured_media":9093,"comment_status":"open","ping_status":"open","sticky":false,"template":"","format":"standard","meta":{"footnotes":"","_links_to":"","_links_to_target":""},"categories":[1],"tags":[],"class_list":["post-9092","post","type-post","status-publish","format-standard","has-post-thumbnail","hentry","category-haberler"],"_links":{"self":[{"href":"https:\/\/www.abchukuk.com\/index.php\/wp-json\/wp\/v2\/posts\/9092","targetHints":{"allow":["GET"]}}],"collection":[{"href":"https:\/\/www.abchukuk.com\/index.php\/wp-json\/wp\/v2\/posts"}],"about":[{"href":"https:\/\/www.abchukuk.com\/index.php\/wp-json\/wp\/v2\/types\/post"}],"author":[{"embeddable":true,"href":"https:\/\/www.abchukuk.com\/index.php\/wp-json\/wp\/v2\/users\/1"}],"replies":[{"embeddable":true,"href":"https:\/\/www.abchukuk.com\/index.php\/wp-json\/wp\/v2\/comments?post=9092"}],"version-history":[{"count":0,"href":"https:\/\/www.abchukuk.com\/index.php\/wp-json\/wp\/v2\/posts\/9092\/revisions"}],"wp:featuredmedia":[{"embeddable":true,"href":"https:\/\/www.abchukuk.com\/index.php\/wp-json\/wp\/v2\/media\/9093"}],"wp:attachment":[{"href":"https:\/\/www.abchukuk.com\/index.php\/wp-json\/wp\/v2\/media?parent=9092"}],"wp:term":[{"taxonomy":"category","embeddable":true,"href":"https:\/\/www.abchukuk.com\/index.php\/wp-json\/wp\/v2\/categories?post=9092"},{"taxonomy":"post_tag","embeddable":true,"href":"https:\/\/www.abchukuk.com\/index.php\/wp-json\/wp\/v2\/tags?post=9092"}],"curies":[{"name":"wp","href":"https:\/\/api.w.org\/{rel}","templated":true}]}}