{"id":9081,"date":"2025-10-23T11:49:52","date_gmt":"2025-10-23T11:49:52","guid":{"rendered":"https:\/\/www.abchukuk.com\/index.php\/2025\/10\/23\/dublinde-gocmen-konaklama-merkezi-onunde-catisma-23-gozalti-2-polis-yarali\/"},"modified":"2025-10-23T11:49:52","modified_gmt":"2025-10-23T11:49:52","slug":"dublinde-gocmen-konaklama-merkezi-onunde-catisma-23-gozalti-2-polis-yarali","status":"publish","type":"post","link":"https:\/\/www.abchukuk.com\/index.php\/2025\/10\/23\/dublinde-gocmen-konaklama-merkezi-onunde-catisma-23-gozalti-2-polis-yarali\/","title":{"rendered":"Dublin\u2019de g\u00f6\u00e7men konaklama merkezi \u00f6n\u00fcnde \u00e7at\u0131\u015fma: 23 g\u00f6zalt\u0131, 2 polis yaral\u0131"},"content":{"rendered":"<p>Dublin\u2019de bir s\u0131\u011f\u0131nmac\u0131 merkezinin yak\u0131n\u0131nda \u00e7\u0131kan olaylarda polis hedef al\u0131nd\u0131. \u0130ki polis hastaneye kald\u0131r\u0131ld\u0131, 23 ki\u015fi g\u00f6zalt\u0131na al\u0131nd\u0131. Kentte benzer protestolar\u0131n s\u0131kla\u015ft\u0131\u011f\u0131 aktar\u0131l\u0131yor.Dublin\u2019de bir s\u0131\u011f\u0131nmac\u0131 merkezinin yak\u0131n\u0131nda \u00e7\u0131kan olaylarda polis hedef al\u0131nd\u0131. \u0130ki polis hastaneye kald\u0131r\u0131ld\u0131, 23 ki\u015fi g\u00f6zalt\u0131na al\u0131nd\u0131. Kentte benzer protestolar\u0131n s\u0131kla\u015ft\u0131\u011f\u0131 aktar\u0131l\u0131yor.\u00a0<a href=\"https:\/\/anlatilaninotesi.com.tr\/20251023\/dublinde-gocmen-konaklama-merkezi-onunde-catisma-23-gozalti-2-polis-yarali-1100414667.html\" target=\"_blank\" class=\"feedzy-rss-link-icon\">Read More<\/a><\/p>","protected":false},"excerpt":{"rendered":"<p>Dublin\u2019de bir s\u0131\u011f\u0131nmac\u0131 merkezinin yak\u0131n\u0131nda \u00e7\u0131kan olaylarda polis hedef al\u0131nd\u0131. \u0130ki polis hastaneye kald\u0131r\u0131ld\u0131, 23 ki\u015fi g\u00f6zalt\u0131na al\u0131nd\u0131. Kentte benzer protestolar\u0131n s\u0131kla\u015ft\u0131\u011f\u0131 aktar\u0131l\u0131yor.Dublin\u2019de bir s\u0131\u011f\u0131nmac\u0131 merkezinin yak\u0131n\u0131nda \u00e7\u0131kan olaylarda polis hedef al\u0131nd\u0131. \u0130ki polis hastaneye kald\u0131r\u0131ld\u0131, 23 ki\u015fi g\u00f6zalt\u0131na al\u0131nd\u0131. Kentte benzer protestolar\u0131n s\u0131kla\u015ft\u0131\u011f\u0131 aktar\u0131l\u0131yor.\u00a0Read More<\/p>\n","protected":false},"author":1,"featured_media":0,"comment_status":"open","ping_status":"open","sticky":false,"template":"","format":"standard","meta":{"footnotes":"","_links_to":"","_links_to_target":""},"categories":[1],"tags":[],"class_list":["post-9081","post","type-post","status-publish","format-standard","hentry","category-haberler"],"_links":{"self":[{"href":"https:\/\/www.abchukuk.com\/index.php\/wp-json\/wp\/v2\/posts\/9081","targetHints":{"allow":["GET"]}}],"collection":[{"href":"https:\/\/www.abchukuk.com\/index.php\/wp-json\/wp\/v2\/posts"}],"about":[{"href":"https:\/\/www.abchukuk.com\/index.php\/wp-json\/wp\/v2\/types\/post"}],"author":[{"embeddable":true,"href":"https:\/\/www.abchukuk.com\/index.php\/wp-json\/wp\/v2\/users\/1"}],"replies":[{"embeddable":true,"href":"https:\/\/www.abchukuk.com\/index.php\/wp-json\/wp\/v2\/comments?post=9081"}],"version-history":[{"count":0,"href":"https:\/\/www.abchukuk.com\/index.php\/wp-json\/wp\/v2\/posts\/9081\/revisions"}],"wp:attachment":[{"href":"https:\/\/www.abchukuk.com\/index.php\/wp-json\/wp\/v2\/media?parent=9081"}],"wp:term":[{"taxonomy":"category","embeddable":true,"href":"https:\/\/www.abchukuk.com\/index.php\/wp-json\/wp\/v2\/categories?post=9081"},{"taxonomy":"post_tag","embeddable":true,"href":"https:\/\/www.abchukuk.com\/index.php\/wp-json\/wp\/v2\/tags?post=9081"}],"curies":[{"name":"wp","href":"https:\/\/api.w.org\/{rel}","templated":true}]}}