{"id":9080,"date":"2025-10-23T09:08:56","date_gmt":"2025-10-23T09:08:56","guid":{"rendered":"https:\/\/www.abchukuk.com\/index.php\/2025\/10\/23\/birgun-yoneticilerine-akin-gurlek-haberi-nedeniyle-para-ve-hapis-cezasi\/"},"modified":"2025-10-23T09:08:56","modified_gmt":"2025-10-23T09:08:56","slug":"birgun-yoneticilerine-akin-gurlek-haberi-nedeniyle-para-ve-hapis-cezasi","status":"publish","type":"post","link":"https:\/\/www.abchukuk.com\/index.php\/2025\/10\/23\/birgun-yoneticilerine-akin-gurlek-haberi-nedeniyle-para-ve-hapis-cezasi\/","title":{"rendered":"BirG\u00fcn y\u00f6neticilerine &#8216;Ak\u0131n G\u00fcrlek&#8217; haberi nedeniyle para ve hapis cezas\u0131"},"content":{"rendered":"<p>BirG\u00fcn Y\u00f6netim Kurulu Ba\u015fkan\u0131 \u0130brahim Ayd\u0131n ilk defa bir haber nedeniyle a\u011f\u0131r cezada yarg\u0131land\u0131klar\u0131na dikkat \u00e7ekerek, &#8216;Say\u0131n Ak\u0131n G\u00fcrlek\u2019in bu davay\u0131 bu mahkemede a\u00e7mas\u0131 bir tehdit, Sabah Gazetesi\u2019nin bizzat haberle\u015ftirdi\u011fi haberi haberle\u015ftirmekten yarg\u0131lanmay\u0131 \u015fa\u015f\u0131rt\u0131c\u0131 buluyoruz,&#8217; dedi.BirG\u00fcn Y\u00f6netim Kurulu Ba\u015fkan\u0131 \u0130brahim Ayd\u0131n ilk defa bir haber nedeniyle a\u011f\u0131r cezada yarg\u0131land\u0131klar\u0131na dikkat \u00e7ekerek, &#8216;Say\u0131n Ak\u0131n G\u00fcrlek\u2019in bu davay\u0131 bu mahkemede a\u00e7mas\u0131 bir tehdit, Sabah Gazetesi\u2019nin bizzat haberle\u015ftirdi\u011fi haberi haberle\u015ftirmekten yarg\u0131lanmay\u0131 \u015fa\u015f\u0131rt\u0131c\u0131 buluyoruz,&#8217; dedi.\u00a0<a href=\"http:\/\/tr.euronews.com\/2025\/10\/23\/birgun-yoneticilerine-akin-gurlek-haberi-nedeniyle-para-ve-hapis-cezasi\" target=\"_blank\" class=\"feedzy-rss-link-icon\">Read More<\/a><\/p>","protected":false},"excerpt":{"rendered":"<p>BirG\u00fcn Y\u00f6netim Kurulu Ba\u015fkan\u0131 \u0130brahim Ayd\u0131n ilk defa bir haber nedeniyle a\u011f\u0131r cezada yarg\u0131land\u0131klar\u0131na dikkat \u00e7ekerek, &#8216;Say\u0131n Ak\u0131n G\u00fcrlek\u2019in bu davay\u0131 bu mahkemede a\u00e7mas\u0131 bir tehdit, Sabah Gazetesi\u2019nin bizzat haberle\u015ftirdi\u011fi haberi haberle\u015ftirmekten yarg\u0131lanmay\u0131 \u015fa\u015f\u0131rt\u0131c\u0131 buluyoruz,&#8217; dedi.BirG\u00fcn Y\u00f6netim Kurulu Ba\u015fkan\u0131 \u0130brahim Ayd\u0131n ilk defa bir haber nedeniyle a\u011f\u0131r cezada yarg\u0131land\u0131klar\u0131na dikkat \u00e7ekerek, &#8216;Say\u0131n Ak\u0131n G\u00fcrlek\u2019in bu [&hellip;]<\/p>\n","protected":false},"author":1,"featured_media":0,"comment_status":"open","ping_status":"open","sticky":false,"template":"","format":"standard","meta":{"footnotes":"","_links_to":"","_links_to_target":""},"categories":[1],"tags":[],"class_list":["post-9080","post","type-post","status-publish","format-standard","hentry","category-haberler"],"_links":{"self":[{"href":"https:\/\/www.abchukuk.com\/index.php\/wp-json\/wp\/v2\/posts\/9080","targetHints":{"allow":["GET"]}}],"collection":[{"href":"https:\/\/www.abchukuk.com\/index.php\/wp-json\/wp\/v2\/posts"}],"about":[{"href":"https:\/\/www.abchukuk.com\/index.php\/wp-json\/wp\/v2\/types\/post"}],"author":[{"embeddable":true,"href":"https:\/\/www.abchukuk.com\/index.php\/wp-json\/wp\/v2\/users\/1"}],"replies":[{"embeddable":true,"href":"https:\/\/www.abchukuk.com\/index.php\/wp-json\/wp\/v2\/comments?post=9080"}],"version-history":[{"count":0,"href":"https:\/\/www.abchukuk.com\/index.php\/wp-json\/wp\/v2\/posts\/9080\/revisions"}],"wp:attachment":[{"href":"https:\/\/www.abchukuk.com\/index.php\/wp-json\/wp\/v2\/media?parent=9080"}],"wp:term":[{"taxonomy":"category","embeddable":true,"href":"https:\/\/www.abchukuk.com\/index.php\/wp-json\/wp\/v2\/categories?post=9080"},{"taxonomy":"post_tag","embeddable":true,"href":"https:\/\/www.abchukuk.com\/index.php\/wp-json\/wp\/v2\/tags?post=9080"}],"curies":[{"name":"wp","href":"https:\/\/api.w.org\/{rel}","templated":true}]}}