{"id":9072,"date":"2025-10-23T10:33:00","date_gmt":"2025-10-23T10:33:00","guid":{"rendered":"https:\/\/www.abchukuk.com\/index.php\/2025\/10\/23\/sarkozynin-cezaevindeki-ilk-gecesi-olayli-gecti-mahkumlar-goruntuleri-canli-yayinda-paylasti\/"},"modified":"2025-10-23T10:33:00","modified_gmt":"2025-10-23T10:33:00","slug":"sarkozynin-cezaevindeki-ilk-gecesi-olayli-gecti-mahkumlar-goruntuleri-canli-yayinda-paylasti","status":"publish","type":"post","link":"https:\/\/www.abchukuk.com\/index.php\/2025\/10\/23\/sarkozynin-cezaevindeki-ilk-gecesi-olayli-gecti-mahkumlar-goruntuleri-canli-yayinda-paylasti\/","title":{"rendered":"Sarkozy&#8217;nin cezaevindeki ilk gecesi olayl\u0131 ge\u00e7ti! Mahkumlar g\u00f6r\u00fcnt\u00fcleri canl\u0131 yay\u0131nda payla\u015ft\u0131"},"content":{"rendered":"<p>Fransa&#8217;da tutuklu eski Cumhurba\u015fkan\u0131 Nicolas Sarkozy, Paris&#8217;teki La Sant\u00e9 Cezaevi&#8217;ndeki ilk gecesinde b\u00fcy\u00fck bir olayla kar\u015f\u0131la\u015ft\u0131. Di\u011fer mahk\u00fbmlar, cep telefonuyla canl\u0131 yay\u0131n a\u00e7arak Sarkozy&#8217;ye y\u00fcksek sesle hakaret ve \u00f6l\u00fcm tehditleri savurdu. Tehditlerin, Libya lideri Kaddafi&#8217;den yasad\u0131\u015f\u0131 fon ald\u0131\u011f\u0131 iddialar\u0131na dayand\u0131r\u0131lmas\u0131 dikkat \u00e7ekti. Olay\u0131n ard\u0131ndan \u00fc\u00e7 mahk\u00fbm sorgulan\u0131rken, Sarkozy i\u00e7in h\u00fccre \u00f6n\u00fcne iki silahl\u0131 polis memuru g\u00f6revlendirilerek ek g\u00fcvenlik \u00f6nlemi al\u0131nd\u0131.Fransa&#8217;da tutuklu eski Cumhurba\u015fkan\u0131 Nicolas Sarkozy, Paris&#8217;teki La Sant\u00e9 Cezaevi&#8217;ndeki ilk gecesinde b\u00fcy\u00fck bir olayla kar\u015f\u0131la\u015ft\u0131. Di\u011fer mahk\u00fbmlar, cep telefonuyla canl\u0131 yay\u0131n a\u00e7arak Sarkozy&#8217;ye y\u00fcksek sesle hakaret ve \u00f6l\u00fcm tehditleri savurdu. Tehditlerin, Libya lideri Kaddafi&#8217;den yasad\u0131\u015f\u0131 fon ald\u0131\u011f\u0131 iddialar\u0131na dayand\u0131r\u0131lmas\u0131 dikkat \u00e7ekti. Olay\u0131n ard\u0131ndan \u00fc\u00e7 mahk\u00fbm sorgulan\u0131rken, Sarkozy i\u00e7in h\u00fccre \u00f6n\u00fcne iki silahl\u0131 polis memuru g\u00f6revlendirilerek ek g\u00fcvenlik \u00f6nlemi al\u0131nd\u0131.\u00a0<a href=\"https:\/\/www.dunya.com\/dunya\/sarkozynin-cezaevindeki-ilk-gecesi-olayli-gecti-mahkumlar-goruntuleri-canli-yayinda-paylasti-haberi-799822\" target=\"_blank\" class=\"feedzy-rss-link-icon\">Read More<\/a><\/p>","protected":false},"excerpt":{"rendered":"<p>Fransa&#8217;da tutuklu eski Cumhurba\u015fkan\u0131 Nicolas Sarkozy, Paris&#8217;teki La Sant\u00e9 Cezaevi&#8217;ndeki ilk gecesinde b\u00fcy\u00fck bir olayla kar\u015f\u0131la\u015ft\u0131. Di\u011fer mahk\u00fbmlar, cep telefonuyla canl\u0131 yay\u0131n a\u00e7arak Sarkozy&#8217;ye y\u00fcksek sesle hakaret ve \u00f6l\u00fcm tehditleri savurdu. Tehditlerin, Libya lideri Kaddafi&#8217;den yasad\u0131\u015f\u0131 fon ald\u0131\u011f\u0131 iddialar\u0131na dayand\u0131r\u0131lmas\u0131 dikkat \u00e7ekti. Olay\u0131n ard\u0131ndan \u00fc\u00e7 mahk\u00fbm sorgulan\u0131rken, Sarkozy i\u00e7in h\u00fccre \u00f6n\u00fcne iki silahl\u0131 polis memuru [&hellip;]<\/p>\n","protected":false},"author":1,"featured_media":9073,"comment_status":"open","ping_status":"open","sticky":false,"template":"","format":"standard","meta":{"footnotes":"","_links_to":"","_links_to_target":""},"categories":[1],"tags":[],"class_list":["post-9072","post","type-post","status-publish","format-standard","has-post-thumbnail","hentry","category-haberler"],"_links":{"self":[{"href":"https:\/\/www.abchukuk.com\/index.php\/wp-json\/wp\/v2\/posts\/9072","targetHints":{"allow":["GET"]}}],"collection":[{"href":"https:\/\/www.abchukuk.com\/index.php\/wp-json\/wp\/v2\/posts"}],"about":[{"href":"https:\/\/www.abchukuk.com\/index.php\/wp-json\/wp\/v2\/types\/post"}],"author":[{"embeddable":true,"href":"https:\/\/www.abchukuk.com\/index.php\/wp-json\/wp\/v2\/users\/1"}],"replies":[{"embeddable":true,"href":"https:\/\/www.abchukuk.com\/index.php\/wp-json\/wp\/v2\/comments?post=9072"}],"version-history":[{"count":0,"href":"https:\/\/www.abchukuk.com\/index.php\/wp-json\/wp\/v2\/posts\/9072\/revisions"}],"wp:featuredmedia":[{"embeddable":true,"href":"https:\/\/www.abchukuk.com\/index.php\/wp-json\/wp\/v2\/media\/9073"}],"wp:attachment":[{"href":"https:\/\/www.abchukuk.com\/index.php\/wp-json\/wp\/v2\/media?parent=9072"}],"wp:term":[{"taxonomy":"category","embeddable":true,"href":"https:\/\/www.abchukuk.com\/index.php\/wp-json\/wp\/v2\/categories?post=9072"},{"taxonomy":"post_tag","embeddable":true,"href":"https:\/\/www.abchukuk.com\/index.php\/wp-json\/wp\/v2\/tags?post=9072"}],"curies":[{"name":"wp","href":"https:\/\/api.w.org\/{rel}","templated":true}]}}