{"id":9067,"date":"2025-10-23T10:52:00","date_gmt":"2025-10-23T10:52:00","guid":{"rendered":"https:\/\/www.abchukuk.com\/index.php\/2025\/10\/23\/sarkozyye-cezaevinde-olum-tehdidi-kaddafiyi-sen-oldurdun\/"},"modified":"2025-10-23T10:52:00","modified_gmt":"2025-10-23T10:52:00","slug":"sarkozyye-cezaevinde-olum-tehdidi-kaddafiyi-sen-oldurdun","status":"publish","type":"post","link":"https:\/\/www.abchukuk.com\/index.php\/2025\/10\/23\/sarkozyye-cezaevinde-olum-tehdidi-kaddafiyi-sen-oldurdun\/","title":{"rendered":"Sarkozy\u2019ye cezaevinde \u00f6l\u00fcm tehdidi: Kaddafi\u2019yi sen \u00f6ld\u00fcrd\u00fcn"},"content":{"rendered":"<p>Fransa\u2019n\u0131n eski Cumhurba\u015fkan\u0131 Nicolas Sarkozy\u2019nin Paris\u2019teki La Sant\u00e9 Cezaevi\u2019nde ge\u00e7irdi\u011fi ilk geceye ili\u015fkin g\u00f6r\u00fcnt\u00fcler sosyal medyada payla\u015f\u0131ld\u0131. Di\u011fer mahkumlar\u0131n Sarkozy\u2019ye \u00f6l\u00fcm tehditlerinde bulundu\u011fu anlar, bir tutuklu taraf\u0131ndan canl\u0131 yay\u0131nland\u0131.Fransa\u2019n\u0131n eski Cumhurba\u015fkan\u0131 Nicolas Sarkozy\u2019nin Paris\u2019teki La Sant\u00e9 Cezaevi\u2019nde ge\u00e7irdi\u011fi ilk geceye ili\u015fkin g\u00f6r\u00fcnt\u00fcler sosyal medyada payla\u015f\u0131ld\u0131. Di\u011fer mahkumlar\u0131n Sarkozy\u2019ye \u00f6l\u00fcm tehditlerinde bulundu\u011fu anlar, bir tutuklu taraf\u0131ndan canl\u0131 yay\u0131nland\u0131.\u00a0<a href=\"https:\/\/www.dunya.com\/video-galeri\/gundem\/sarkozyye-cezaevinde-olum-tehdidi-kaddafiyi-sen-oldurdun-video-799825\" target=\"_blank\" class=\"feedzy-rss-link-icon\">Read More<\/a><\/p>","protected":false},"excerpt":{"rendered":"<p>Fransa\u2019n\u0131n eski Cumhurba\u015fkan\u0131 Nicolas Sarkozy\u2019nin Paris\u2019teki La Sant\u00e9 Cezaevi\u2019nde ge\u00e7irdi\u011fi ilk geceye ili\u015fkin g\u00f6r\u00fcnt\u00fcler sosyal medyada payla\u015f\u0131ld\u0131. Di\u011fer mahkumlar\u0131n Sarkozy\u2019ye \u00f6l\u00fcm tehditlerinde bulundu\u011fu anlar, bir tutuklu taraf\u0131ndan canl\u0131 yay\u0131nland\u0131.Fransa\u2019n\u0131n eski Cumhurba\u015fkan\u0131 Nicolas Sarkozy\u2019nin Paris\u2019teki La Sant\u00e9 Cezaevi\u2019nde ge\u00e7irdi\u011fi ilk geceye ili\u015fkin g\u00f6r\u00fcnt\u00fcler sosyal medyada payla\u015f\u0131ld\u0131. Di\u011fer mahkumlar\u0131n Sarkozy\u2019ye \u00f6l\u00fcm tehditlerinde bulundu\u011fu anlar, bir tutuklu taraf\u0131ndan [&hellip;]<\/p>\n","protected":false},"author":1,"featured_media":9068,"comment_status":"open","ping_status":"open","sticky":false,"template":"","format":"standard","meta":{"footnotes":"","_links_to":"","_links_to_target":""},"categories":[1],"tags":[],"class_list":["post-9067","post","type-post","status-publish","format-standard","has-post-thumbnail","hentry","category-haberler"],"_links":{"self":[{"href":"https:\/\/www.abchukuk.com\/index.php\/wp-json\/wp\/v2\/posts\/9067","targetHints":{"allow":["GET"]}}],"collection":[{"href":"https:\/\/www.abchukuk.com\/index.php\/wp-json\/wp\/v2\/posts"}],"about":[{"href":"https:\/\/www.abchukuk.com\/index.php\/wp-json\/wp\/v2\/types\/post"}],"author":[{"embeddable":true,"href":"https:\/\/www.abchukuk.com\/index.php\/wp-json\/wp\/v2\/users\/1"}],"replies":[{"embeddable":true,"href":"https:\/\/www.abchukuk.com\/index.php\/wp-json\/wp\/v2\/comments?post=9067"}],"version-history":[{"count":0,"href":"https:\/\/www.abchukuk.com\/index.php\/wp-json\/wp\/v2\/posts\/9067\/revisions"}],"wp:featuredmedia":[{"embeddable":true,"href":"https:\/\/www.abchukuk.com\/index.php\/wp-json\/wp\/v2\/media\/9068"}],"wp:attachment":[{"href":"https:\/\/www.abchukuk.com\/index.php\/wp-json\/wp\/v2\/media?parent=9067"}],"wp:term":[{"taxonomy":"category","embeddable":true,"href":"https:\/\/www.abchukuk.com\/index.php\/wp-json\/wp\/v2\/categories?post=9067"},{"taxonomy":"post_tag","embeddable":true,"href":"https:\/\/www.abchukuk.com\/index.php\/wp-json\/wp\/v2\/tags?post=9067"}],"curies":[{"name":"wp","href":"https:\/\/api.w.org\/{rel}","templated":true}]}}