{"id":9063,"date":"2025-10-23T09:00:00","date_gmt":"2025-10-23T09:00:00","guid":{"rendered":"https:\/\/www.abchukuk.com\/index.php\/2025\/10\/23\/chpnin-kurultay-iptal-davasinin-besinci-durusmasi-yarin\/"},"modified":"2025-10-23T09:00:00","modified_gmt":"2025-10-23T09:00:00","slug":"chpnin-kurultay-iptal-davasinin-besinci-durusmasi-yarin","status":"publish","type":"post","link":"https:\/\/www.abchukuk.com\/index.php\/2025\/10\/23\/chpnin-kurultay-iptal-davasinin-besinci-durusmasi-yarin\/","title":{"rendered":"CHP&#8217;nin &#8216;kurultay iptal&#8217; davas\u0131n\u0131n be\u015finci duru\u015fmas\u0131 yar\u0131n"},"content":{"rendered":"<p>CHP&#8217;nin 4-5 Kas\u0131m 2023&#8217;te yap\u0131lan 38&#8217;inci Ola\u011fan Kurultay\u0131 ile 6 Nisan 2025&#8217;teki 21&#8217;inci Ola\u011fan\u00fcst\u00fc Kurultay\u0131&#8217;n\u0131n iptali istemiyle a\u00e7\u0131lan davan\u0131n be\u015finci duru\u015fmas\u0131 yar\u0131n yap\u0131lacak.CHP&#8217;nin 4-5 Kas\u0131m 2023&#8217;te yap\u0131lan 38&#8217;inci Ola\u011fan Kurultay\u0131 ile 6 Nisan 2025&#8217;teki 21&#8217;inci Ola\u011fan\u00fcst\u00fc Kurultay\u0131&#8217;n\u0131n iptali istemiyle a\u00e7\u0131lan davan\u0131n be\u015finci duru\u015fmas\u0131 yar\u0131n yap\u0131lacak.\u00a0<a href=\"https:\/\/www.cumhuriyet.com.tr\/siyaset\/chp-nin-kurultay-iptal-davasinin-besinci-durusmasi-yarin-2446241\" target=\"_blank\" class=\"feedzy-rss-link-icon\">Read More<\/a><\/p>","protected":false},"excerpt":{"rendered":"<p>CHP&#8217;nin 4-5 Kas\u0131m 2023&#8217;te yap\u0131lan 38&#8217;inci Ola\u011fan Kurultay\u0131 ile 6 Nisan 2025&#8217;teki 21&#8217;inci Ola\u011fan\u00fcst\u00fc Kurultay\u0131&#8217;n\u0131n iptali istemiyle a\u00e7\u0131lan davan\u0131n be\u015finci duru\u015fmas\u0131 yar\u0131n yap\u0131lacak.CHP&#8217;nin 4-5 Kas\u0131m 2023&#8217;te yap\u0131lan 38&#8217;inci Ola\u011fan Kurultay\u0131 ile 6 Nisan 2025&#8217;teki 21&#8217;inci Ola\u011fan\u00fcst\u00fc Kurultay\u0131&#8217;n\u0131n iptali istemiyle a\u00e7\u0131lan davan\u0131n be\u015finci duru\u015fmas\u0131 yar\u0131n yap\u0131lacak.\u00a0Read More<\/p>\n","protected":false},"author":1,"featured_media":9064,"comment_status":"open","ping_status":"open","sticky":false,"template":"","format":"standard","meta":{"footnotes":"","_links_to":"","_links_to_target":""},"categories":[1],"tags":[],"class_list":["post-9063","post","type-post","status-publish","format-standard","has-post-thumbnail","hentry","category-haberler"],"_links":{"self":[{"href":"https:\/\/www.abchukuk.com\/index.php\/wp-json\/wp\/v2\/posts\/9063","targetHints":{"allow":["GET"]}}],"collection":[{"href":"https:\/\/www.abchukuk.com\/index.php\/wp-json\/wp\/v2\/posts"}],"about":[{"href":"https:\/\/www.abchukuk.com\/index.php\/wp-json\/wp\/v2\/types\/post"}],"author":[{"embeddable":true,"href":"https:\/\/www.abchukuk.com\/index.php\/wp-json\/wp\/v2\/users\/1"}],"replies":[{"embeddable":true,"href":"https:\/\/www.abchukuk.com\/index.php\/wp-json\/wp\/v2\/comments?post=9063"}],"version-history":[{"count":0,"href":"https:\/\/www.abchukuk.com\/index.php\/wp-json\/wp\/v2\/posts\/9063\/revisions"}],"wp:featuredmedia":[{"embeddable":true,"href":"https:\/\/www.abchukuk.com\/index.php\/wp-json\/wp\/v2\/media\/9064"}],"wp:attachment":[{"href":"https:\/\/www.abchukuk.com\/index.php\/wp-json\/wp\/v2\/media?parent=9063"}],"wp:term":[{"taxonomy":"category","embeddable":true,"href":"https:\/\/www.abchukuk.com\/index.php\/wp-json\/wp\/v2\/categories?post=9063"},{"taxonomy":"post_tag","embeddable":true,"href":"https:\/\/www.abchukuk.com\/index.php\/wp-json\/wp\/v2\/tags?post=9063"}],"curies":[{"name":"wp","href":"https:\/\/api.w.org\/{rel}","templated":true}]}}