{"id":9061,"date":"2025-10-23T09:26:00","date_gmt":"2025-10-23T09:26:00","guid":{"rendered":"https:\/\/www.abchukuk.com\/index.php\/2025\/10\/23\/yargida-ekrem-imamoglu-davasi-krizi-hakim-iktidar-medyasinin-hedefi-oldu\/"},"modified":"2025-10-23T09:26:00","modified_gmt":"2025-10-23T09:26:00","slug":"yargida-ekrem-imamoglu-davasi-krizi-hakim-iktidar-medyasinin-hedefi-oldu","status":"publish","type":"post","link":"https:\/\/www.abchukuk.com\/index.php\/2025\/10\/23\/yargida-ekrem-imamoglu-davasi-krizi-hakim-iktidar-medyasinin-hedefi-oldu\/","title":{"rendered":"Yarg\u0131da Ekrem \u0130mamo\u011flu davas\u0131 krizi&#8230; Hakim, iktidar medyas\u0131n\u0131n hedefi oldu!"},"content":{"rendered":"<p>\u0130ktidara yak\u0131nl\u0131\u011f\u0131 ile bilinen Sontv adl\u0131 haber sitesi, Ekrem \u0130mamo\u011flu&#8217;nun diploma davas\u0131na bakan hakimi hedef ald\u0131. Hakimin ad\u0131n\u0131 a\u00e7\u0131k\u00e7a yazan Sontv, yarg\u0131 \u00e7evrelerinin de A.D.&#8217;den &#8216;rahats\u0131z&#8217; oldu\u011funu iddia etti. Hakimin duru\u015fma kararlar\u0131n\u0131n, \u0130mamo\u011flu&#8217;nu g\u00f6r\u00fcn\u00fcr k\u0131ld\u0131\u011f\u0131 ele\u015ftirileri y\u00f6neltildi.\u0130ktidara yak\u0131nl\u0131\u011f\u0131 ile bilinen Sontv adl\u0131 haber sitesi, Ekrem \u0130mamo\u011flu&#8217;nun diploma davas\u0131na bakan hakimi hedef ald\u0131. Hakimin ad\u0131n\u0131 a\u00e7\u0131k\u00e7a yazan Sontv, yarg\u0131 \u00e7evrelerinin de A.D.&#8217;den &#8216;rahats\u0131z&#8217; oldu\u011funu iddia etti. Hakimin duru\u015fma kararlar\u0131n\u0131n, \u0130mamo\u011flu&#8217;nu g\u00f6r\u00fcn\u00fcr k\u0131ld\u0131\u011f\u0131 ele\u015ftirileri y\u00f6neltildi.\u00a0<a href=\"https:\/\/www.cumhuriyet.com.tr\/turkiye\/yargida-ekrem-imamoglu-davasi-krizi-hakim-iktidar-medyasinin-hedefi-oldu-2446229\" target=\"_blank\" class=\"feedzy-rss-link-icon\">Read More<\/a><\/p>","protected":false},"excerpt":{"rendered":"<p>\u0130ktidara yak\u0131nl\u0131\u011f\u0131 ile bilinen Sontv adl\u0131 haber sitesi, Ekrem \u0130mamo\u011flu&#8217;nun diploma davas\u0131na bakan hakimi hedef ald\u0131. Hakimin ad\u0131n\u0131 a\u00e7\u0131k\u00e7a yazan Sontv, yarg\u0131 \u00e7evrelerinin de A.D.&#8217;den &#8216;rahats\u0131z&#8217; oldu\u011funu iddia etti. Hakimin duru\u015fma kararlar\u0131n\u0131n, \u0130mamo\u011flu&#8217;nu g\u00f6r\u00fcn\u00fcr k\u0131ld\u0131\u011f\u0131 ele\u015ftirileri y\u00f6neltildi.\u0130ktidara yak\u0131nl\u0131\u011f\u0131 ile bilinen Sontv adl\u0131 haber sitesi, Ekrem \u0130mamo\u011flu&#8217;nun diploma davas\u0131na bakan hakimi hedef ald\u0131. Hakimin ad\u0131n\u0131 a\u00e7\u0131k\u00e7a [&hellip;]<\/p>\n","protected":false},"author":1,"featured_media":9062,"comment_status":"open","ping_status":"open","sticky":false,"template":"","format":"standard","meta":{"footnotes":"","_links_to":"","_links_to_target":""},"categories":[1],"tags":[],"class_list":["post-9061","post","type-post","status-publish","format-standard","has-post-thumbnail","hentry","category-haberler"],"_links":{"self":[{"href":"https:\/\/www.abchukuk.com\/index.php\/wp-json\/wp\/v2\/posts\/9061","targetHints":{"allow":["GET"]}}],"collection":[{"href":"https:\/\/www.abchukuk.com\/index.php\/wp-json\/wp\/v2\/posts"}],"about":[{"href":"https:\/\/www.abchukuk.com\/index.php\/wp-json\/wp\/v2\/types\/post"}],"author":[{"embeddable":true,"href":"https:\/\/www.abchukuk.com\/index.php\/wp-json\/wp\/v2\/users\/1"}],"replies":[{"embeddable":true,"href":"https:\/\/www.abchukuk.com\/index.php\/wp-json\/wp\/v2\/comments?post=9061"}],"version-history":[{"count":0,"href":"https:\/\/www.abchukuk.com\/index.php\/wp-json\/wp\/v2\/posts\/9061\/revisions"}],"wp:featuredmedia":[{"embeddable":true,"href":"https:\/\/www.abchukuk.com\/index.php\/wp-json\/wp\/v2\/media\/9062"}],"wp:attachment":[{"href":"https:\/\/www.abchukuk.com\/index.php\/wp-json\/wp\/v2\/media?parent=9061"}],"wp:term":[{"taxonomy":"category","embeddable":true,"href":"https:\/\/www.abchukuk.com\/index.php\/wp-json\/wp\/v2\/categories?post=9061"},{"taxonomy":"post_tag","embeddable":true,"href":"https:\/\/www.abchukuk.com\/index.php\/wp-json\/wp\/v2\/tags?post=9061"}],"curies":[{"name":"wp","href":"https:\/\/api.w.org\/{rel}","templated":true}]}}