{"id":9059,"date":"2025-10-23T09:39:00","date_gmt":"2025-10-23T09:39:00","guid":{"rendered":"https:\/\/www.abchukuk.com\/index.php\/2025\/10\/23\/son-dakika-8-aydir-tutuklu-bulunan-gazeteci-ercument-akdeniz-tahliye-edildi\/"},"modified":"2025-10-23T09:39:00","modified_gmt":"2025-10-23T09:39:00","slug":"son-dakika-8-aydir-tutuklu-bulunan-gazeteci-ercument-akdeniz-tahliye-edildi","status":"publish","type":"post","link":"https:\/\/www.abchukuk.com\/index.php\/2025\/10\/23\/son-dakika-8-aydir-tutuklu-bulunan-gazeteci-ercument-akdeniz-tahliye-edildi\/","title":{"rendered":"Son dakika&#8230; 8 ayd\u0131r tutuklu bulunan gazeteci Erc\u00fcment Akdeniz tahliye edildi!"},"content":{"rendered":"<p>Son dakika haberi&#8230; HDK soru\u015fturmas\u0131nda tek tutuklu san\u0131k olan ve \u201c\u00f6rg\u00fct \u00fcyeli\u011fi\u201d su\u00e7lamas\u0131yla yarg\u0131lanan gazeteci Erc\u00fcment Akdeniz\u2019in yarg\u0131lamas\u0131na devam edildi. Mahkeme, 247 g\u00fcnd\u00fcr tutuklu bulunan Akdeniz\u2019in tahliyesine karar verdi.Son dakika haberi&#8230; HDK soru\u015fturmas\u0131nda tek tutuklu san\u0131k olan ve \u201c\u00f6rg\u00fct \u00fcyeli\u011fi\u201d su\u00e7lamas\u0131yla yarg\u0131lanan gazeteci Erc\u00fcment Akdeniz\u2019in yarg\u0131lamas\u0131na devam edildi. Mahkeme, 247 g\u00fcnd\u00fcr tutuklu bulunan Akdeniz\u2019in tahliyesine karar verdi.\u00a0<a href=\"https:\/\/www.cumhuriyet.com.tr\/turkiye\/son-dakika-8-aydir-tutuklu-bulunan-gazeteci-ercument-akdeniz-tahliye-edildi-2446237\" target=\"_blank\" class=\"feedzy-rss-link-icon\">Read More<\/a><\/p>","protected":false},"excerpt":{"rendered":"<p>Son dakika haberi&#8230; HDK soru\u015fturmas\u0131nda tek tutuklu san\u0131k olan ve \u201c\u00f6rg\u00fct \u00fcyeli\u011fi\u201d su\u00e7lamas\u0131yla yarg\u0131lanan gazeteci Erc\u00fcment Akdeniz\u2019in yarg\u0131lamas\u0131na devam edildi. Mahkeme, 247 g\u00fcnd\u00fcr tutuklu bulunan Akdeniz\u2019in tahliyesine karar verdi.Son dakika haberi&#8230; HDK soru\u015fturmas\u0131nda tek tutuklu san\u0131k olan ve \u201c\u00f6rg\u00fct \u00fcyeli\u011fi\u201d su\u00e7lamas\u0131yla yarg\u0131lanan gazeteci Erc\u00fcment Akdeniz\u2019in yarg\u0131lamas\u0131na devam edildi. Mahkeme, 247 g\u00fcnd\u00fcr tutuklu bulunan Akdeniz\u2019in tahliyesine [&hellip;]<\/p>\n","protected":false},"author":1,"featured_media":9060,"comment_status":"open","ping_status":"open","sticky":false,"template":"","format":"standard","meta":{"footnotes":"","_links_to":"","_links_to_target":""},"categories":[1],"tags":[],"class_list":["post-9059","post","type-post","status-publish","format-standard","has-post-thumbnail","hentry","category-haberler"],"_links":{"self":[{"href":"https:\/\/www.abchukuk.com\/index.php\/wp-json\/wp\/v2\/posts\/9059","targetHints":{"allow":["GET"]}}],"collection":[{"href":"https:\/\/www.abchukuk.com\/index.php\/wp-json\/wp\/v2\/posts"}],"about":[{"href":"https:\/\/www.abchukuk.com\/index.php\/wp-json\/wp\/v2\/types\/post"}],"author":[{"embeddable":true,"href":"https:\/\/www.abchukuk.com\/index.php\/wp-json\/wp\/v2\/users\/1"}],"replies":[{"embeddable":true,"href":"https:\/\/www.abchukuk.com\/index.php\/wp-json\/wp\/v2\/comments?post=9059"}],"version-history":[{"count":0,"href":"https:\/\/www.abchukuk.com\/index.php\/wp-json\/wp\/v2\/posts\/9059\/revisions"}],"wp:featuredmedia":[{"embeddable":true,"href":"https:\/\/www.abchukuk.com\/index.php\/wp-json\/wp\/v2\/media\/9060"}],"wp:attachment":[{"href":"https:\/\/www.abchukuk.com\/index.php\/wp-json\/wp\/v2\/media?parent=9059"}],"wp:term":[{"taxonomy":"category","embeddable":true,"href":"https:\/\/www.abchukuk.com\/index.php\/wp-json\/wp\/v2\/categories?post=9059"},{"taxonomy":"post_tag","embeddable":true,"href":"https:\/\/www.abchukuk.com\/index.php\/wp-json\/wp\/v2\/tags?post=9059"}],"curies":[{"name":"wp","href":"https:\/\/api.w.org\/{rel}","templated":true}]}}