{"id":9058,"date":"2025-10-23T09:42:11","date_gmt":"2025-10-23T09:42:11","guid":{"rendered":"https:\/\/www.abchukuk.com\/index.php\/2025\/10\/23\/sarkozyye-cezaevinde-tehdit-kaddafinin-intikamini-alacagiz\/"},"modified":"2025-10-23T09:42:11","modified_gmt":"2025-10-23T09:42:11","slug":"sarkozyye-cezaevinde-tehdit-kaddafinin-intikamini-alacagiz","status":"publish","type":"post","link":"https:\/\/www.abchukuk.com\/index.php\/2025\/10\/23\/sarkozyye-cezaevinde-tehdit-kaddafinin-intikamini-alacagiz\/","title":{"rendered":"Sarkozy\u2019ye cezaevinde tehdit: \u2018Kaddafi\u2019nin intikam\u0131n\u0131 alaca\u011f\u0131z\u2019"},"content":{"rendered":"<p>Fransa\u2019n\u0131n eski Cumhurba\u015fkan\u0131 Nicolas Sarkozy, Paris\u2019teki La Sante Cezaevi\u2019nde \u201cKaddafi\u2019nin intikam\u0131n\u0131 alaca\u011f\u0131z\u201d sloganlar\u0131 ve tehditlerle kar\u015f\u0131la\u015ft\u0131. Sosyal medyada dola\u015f\u0131ma giren videolarda mahkumlar\u0131n Sarkozy\u2019ye hakaret etti\u011fi ve \u201cMilyarlar\u0131 geri ver, Sarko!\u201d diye ba\u011f\u0131rd\u0131\u011f\u0131 duyuldu.Fransa\u2019n\u0131n eski Cumhurba\u015fkan\u0131 Nicolas Sarkozy, Paris\u2019teki La Sante Cezaevi\u2019nde \u201cKaddafi\u2019nin intikam\u0131n\u0131 alaca\u011f\u0131z\u201d sloganlar\u0131 ve tehditlerle kar\u015f\u0131la\u015ft\u0131. Sosyal medyada dola\u015f\u0131ma giren videolarda mahkumlar\u0131n Sarkozy\u2019ye hakaret etti\u011fi ve \u201cMilyarlar\u0131 geri ver, Sarko!\u201d diye ba\u011f\u0131rd\u0131\u011f\u0131 duyuldu.\u00a0<a href=\"https:\/\/anlatilaninotesi.com.tr\/20251023\/sarkozyye-cezaevinde-tehdit-kaddafinin-intikamini-alacagiz-1100414213.html\" target=\"_blank\" class=\"feedzy-rss-link-icon\">Read More<\/a><\/p>","protected":false},"excerpt":{"rendered":"<p>Fransa\u2019n\u0131n eski Cumhurba\u015fkan\u0131 Nicolas Sarkozy, Paris\u2019teki La Sante Cezaevi\u2019nde \u201cKaddafi\u2019nin intikam\u0131n\u0131 alaca\u011f\u0131z\u201d sloganlar\u0131 ve tehditlerle kar\u015f\u0131la\u015ft\u0131. Sosyal medyada dola\u015f\u0131ma giren videolarda mahkumlar\u0131n Sarkozy\u2019ye hakaret etti\u011fi ve \u201cMilyarlar\u0131 geri ver, Sarko!\u201d diye ba\u011f\u0131rd\u0131\u011f\u0131 duyuldu.Fransa\u2019n\u0131n eski Cumhurba\u015fkan\u0131 Nicolas Sarkozy, Paris\u2019teki La Sante Cezaevi\u2019nde \u201cKaddafi\u2019nin intikam\u0131n\u0131 alaca\u011f\u0131z\u201d sloganlar\u0131 ve tehditlerle kar\u015f\u0131la\u015ft\u0131. Sosyal medyada dola\u015f\u0131ma giren videolarda mahkumlar\u0131n Sarkozy\u2019ye [&hellip;]<\/p>\n","protected":false},"author":1,"featured_media":0,"comment_status":"open","ping_status":"open","sticky":false,"template":"","format":"standard","meta":{"footnotes":"","_links_to":"","_links_to_target":""},"categories":[1],"tags":[],"class_list":["post-9058","post","type-post","status-publish","format-standard","hentry","category-haberler"],"_links":{"self":[{"href":"https:\/\/www.abchukuk.com\/index.php\/wp-json\/wp\/v2\/posts\/9058","targetHints":{"allow":["GET"]}}],"collection":[{"href":"https:\/\/www.abchukuk.com\/index.php\/wp-json\/wp\/v2\/posts"}],"about":[{"href":"https:\/\/www.abchukuk.com\/index.php\/wp-json\/wp\/v2\/types\/post"}],"author":[{"embeddable":true,"href":"https:\/\/www.abchukuk.com\/index.php\/wp-json\/wp\/v2\/users\/1"}],"replies":[{"embeddable":true,"href":"https:\/\/www.abchukuk.com\/index.php\/wp-json\/wp\/v2\/comments?post=9058"}],"version-history":[{"count":0,"href":"https:\/\/www.abchukuk.com\/index.php\/wp-json\/wp\/v2\/posts\/9058\/revisions"}],"wp:attachment":[{"href":"https:\/\/www.abchukuk.com\/index.php\/wp-json\/wp\/v2\/media?parent=9058"}],"wp:term":[{"taxonomy":"category","embeddable":true,"href":"https:\/\/www.abchukuk.com\/index.php\/wp-json\/wp\/v2\/categories?post=9058"},{"taxonomy":"post_tag","embeddable":true,"href":"https:\/\/www.abchukuk.com\/index.php\/wp-json\/wp\/v2\/tags?post=9058"}],"curies":[{"name":"wp","href":"https:\/\/api.w.org\/{rel}","templated":true}]}}