{"id":9056,"date":"2025-10-23T08:03:00","date_gmt":"2025-10-23T08:03:00","guid":{"rendered":"https:\/\/www.abchukuk.com\/index.php\/2025\/10\/23\/yargitaydan-ozel-hayat-karari-is-yerinde-gizli-fotograf-ceken-saniga-12-yil\/"},"modified":"2025-10-23T08:03:00","modified_gmt":"2025-10-23T08:03:00","slug":"yargitaydan-ozel-hayat-karari-is-yerinde-gizli-fotograf-ceken-saniga-12-yil","status":"publish","type":"post","link":"https:\/\/www.abchukuk.com\/index.php\/2025\/10\/23\/yargitaydan-ozel-hayat-karari-is-yerinde-gizli-fotograf-ceken-saniga-12-yil\/","title":{"rendered":"Yarg\u0131tay\u2019dan \u00f6zel hayat karar\u0131: \u0130\u015f yerinde gizli foto\u011fraf \u00e7eken san\u0131\u011fa 12 y\u0131l"},"content":{"rendered":"<p>Yarg\u0131tay 12. Ceza Dairesi, gizlice i\u015f arkada\u015flar\u0131n\u0131n foto\u011fraflar\u0131n\u0131 \u00e7eken ve bilgisayarlar\u0131ndaki \u00f6zel foto\u011fraflar\u0131 kopyalayan san\u0131\u011fa verilen 12 y\u0131l hapis cezas\u0131n\u0131 onad\u0131. Kararda, bu eylemlerin \u201c\u00f6zel hayat\u0131n gizlili\u011fini ihlal\u201d su\u00e7u kapsam\u0131nda de\u011ferlendirildi\u011fi vurguland\u0131.Yarg\u0131tay 12. Ceza Dairesi, gizlice i\u015f arkada\u015flar\u0131n\u0131n foto\u011fraflar\u0131n\u0131 \u00e7eken ve bilgisayarlar\u0131ndaki \u00f6zel foto\u011fraflar\u0131 kopyalayan san\u0131\u011fa verilen 12 y\u0131l hapis cezas\u0131n\u0131 onad\u0131. Kararda, bu eylemlerin \u201c\u00f6zel hayat\u0131n gizlili\u011fini ihlal\u201d su\u00e7u kapsam\u0131nda de\u011ferlendirildi\u011fi vurguland\u0131.\u00a0<a href=\"https:\/\/www.dunya.com\/gundem\/yargitaydan-ozel-hayat-karari-is-yerinde-gizli-fotograf-ceken-saniga-12-yil-haberi-799776\" target=\"_blank\" class=\"feedzy-rss-link-icon\">Read More<\/a><\/p>","protected":false},"excerpt":{"rendered":"<p>Yarg\u0131tay 12. Ceza Dairesi, gizlice i\u015f arkada\u015flar\u0131n\u0131n foto\u011fraflar\u0131n\u0131 \u00e7eken ve bilgisayarlar\u0131ndaki \u00f6zel foto\u011fraflar\u0131 kopyalayan san\u0131\u011fa verilen 12 y\u0131l hapis cezas\u0131n\u0131 onad\u0131. Kararda, bu eylemlerin \u201c\u00f6zel hayat\u0131n gizlili\u011fini ihlal\u201d su\u00e7u kapsam\u0131nda de\u011ferlendirildi\u011fi vurguland\u0131.Yarg\u0131tay 12. Ceza Dairesi, gizlice i\u015f arkada\u015flar\u0131n\u0131n foto\u011fraflar\u0131n\u0131 \u00e7eken ve bilgisayarlar\u0131ndaki \u00f6zel foto\u011fraflar\u0131 kopyalayan san\u0131\u011fa verilen 12 y\u0131l hapis cezas\u0131n\u0131 onad\u0131. Kararda, bu eylemlerin [&hellip;]<\/p>\n","protected":false},"author":1,"featured_media":9057,"comment_status":"open","ping_status":"open","sticky":false,"template":"","format":"standard","meta":{"footnotes":"","_links_to":"","_links_to_target":""},"categories":[1],"tags":[],"class_list":["post-9056","post","type-post","status-publish","format-standard","has-post-thumbnail","hentry","category-haberler"],"_links":{"self":[{"href":"https:\/\/www.abchukuk.com\/index.php\/wp-json\/wp\/v2\/posts\/9056","targetHints":{"allow":["GET"]}}],"collection":[{"href":"https:\/\/www.abchukuk.com\/index.php\/wp-json\/wp\/v2\/posts"}],"about":[{"href":"https:\/\/www.abchukuk.com\/index.php\/wp-json\/wp\/v2\/types\/post"}],"author":[{"embeddable":true,"href":"https:\/\/www.abchukuk.com\/index.php\/wp-json\/wp\/v2\/users\/1"}],"replies":[{"embeddable":true,"href":"https:\/\/www.abchukuk.com\/index.php\/wp-json\/wp\/v2\/comments?post=9056"}],"version-history":[{"count":0,"href":"https:\/\/www.abchukuk.com\/index.php\/wp-json\/wp\/v2\/posts\/9056\/revisions"}],"wp:featuredmedia":[{"embeddable":true,"href":"https:\/\/www.abchukuk.com\/index.php\/wp-json\/wp\/v2\/media\/9057"}],"wp:attachment":[{"href":"https:\/\/www.abchukuk.com\/index.php\/wp-json\/wp\/v2\/media?parent=9056"}],"wp:term":[{"taxonomy":"category","embeddable":true,"href":"https:\/\/www.abchukuk.com\/index.php\/wp-json\/wp\/v2\/categories?post=9056"},{"taxonomy":"post_tag","embeddable":true,"href":"https:\/\/www.abchukuk.com\/index.php\/wp-json\/wp\/v2\/tags?post=9056"}],"curies":[{"name":"wp","href":"https:\/\/api.w.org\/{rel}","templated":true}]}}