{"id":9052,"date":"2025-10-23T08:27:00","date_gmt":"2025-10-23T08:27:00","guid":{"rendered":"https:\/\/www.abchukuk.com\/index.php\/2025\/10\/23\/eski-fransa-cumhurbaskani-sarkozy-tutuklu-bulundugu-cezaevinde-mahkumlar-tarafindan-taciz-edildi\/"},"modified":"2025-10-23T08:27:00","modified_gmt":"2025-10-23T08:27:00","slug":"eski-fransa-cumhurbaskani-sarkozy-tutuklu-bulundugu-cezaevinde-mahkumlar-tarafindan-taciz-edildi","status":"publish","type":"post","link":"https:\/\/www.abchukuk.com\/index.php\/2025\/10\/23\/eski-fransa-cumhurbaskani-sarkozy-tutuklu-bulundugu-cezaevinde-mahkumlar-tarafindan-taciz-edildi\/","title":{"rendered":"Eski Fransa Cumhurba\u015fkan\u0131 Sarkozy, tutuklu bulundu\u011fu cezaevinde mahkumlar taraf\u0131ndan taciz edildi"},"content":{"rendered":"<p>Fransa\u2019n\u0131n eski Cumhurba\u015fkan\u0131 Nicolas Sarkozy, \u00fclke tarihinde hapse giren ilk cumhurba\u015fkan\u0131 olarak tarihe ge\u00e7ti. Ancak bu geli\u015fmeden k\u0131sa s\u00fcre sonra, sosyal medyada yay\u0131lan videolarda cezaevindeki mahk\u00fbmlar\u0131n Sarkozy\u2019ye hakaretler ve tehditler savurdu\u011fu g\u00f6r\u00fcnt\u00fcler \u00fclke g\u00fcndemine oturdu.Fransa\u2019n\u0131n eski Cumhurba\u015fkan\u0131 Nicolas Sarkozy, \u00fclke tarihinde hapse giren ilk cumhurba\u015fkan\u0131 olarak tarihe ge\u00e7ti. Ancak bu geli\u015fmeden k\u0131sa s\u00fcre sonra, sosyal medyada yay\u0131lan videolarda cezaevindeki mahk\u00fbmlar\u0131n Sarkozy\u2019ye hakaretler ve tehditler savurdu\u011fu g\u00f6r\u00fcnt\u00fcler \u00fclke g\u00fcndemine oturdu.\u00a0<a href=\"https:\/\/www.cumhuriyet.com.tr\/dunya\/eski-fransa-cumhurbaskani-sarkozy-tutuklu-bulundugu-cezaevinde-mahkumlar-tarafindan-taciz-edildi-2446209\" target=\"_blank\" class=\"feedzy-rss-link-icon\">Read More<\/a><\/p>","protected":false},"excerpt":{"rendered":"<p>Fransa\u2019n\u0131n eski Cumhurba\u015fkan\u0131 Nicolas Sarkozy, \u00fclke tarihinde hapse giren ilk cumhurba\u015fkan\u0131 olarak tarihe ge\u00e7ti. Ancak bu geli\u015fmeden k\u0131sa s\u00fcre sonra, sosyal medyada yay\u0131lan videolarda cezaevindeki mahk\u00fbmlar\u0131n Sarkozy\u2019ye hakaretler ve tehditler savurdu\u011fu g\u00f6r\u00fcnt\u00fcler \u00fclke g\u00fcndemine oturdu.Fransa\u2019n\u0131n eski Cumhurba\u015fkan\u0131 Nicolas Sarkozy, \u00fclke tarihinde hapse giren ilk cumhurba\u015fkan\u0131 olarak tarihe ge\u00e7ti. Ancak bu geli\u015fmeden k\u0131sa s\u00fcre sonra, sosyal [&hellip;]<\/p>\n","protected":false},"author":1,"featured_media":9053,"comment_status":"open","ping_status":"open","sticky":false,"template":"","format":"standard","meta":{"footnotes":"","_links_to":"","_links_to_target":""},"categories":[1],"tags":[],"class_list":["post-9052","post","type-post","status-publish","format-standard","has-post-thumbnail","hentry","category-haberler"],"_links":{"self":[{"href":"https:\/\/www.abchukuk.com\/index.php\/wp-json\/wp\/v2\/posts\/9052","targetHints":{"allow":["GET"]}}],"collection":[{"href":"https:\/\/www.abchukuk.com\/index.php\/wp-json\/wp\/v2\/posts"}],"about":[{"href":"https:\/\/www.abchukuk.com\/index.php\/wp-json\/wp\/v2\/types\/post"}],"author":[{"embeddable":true,"href":"https:\/\/www.abchukuk.com\/index.php\/wp-json\/wp\/v2\/users\/1"}],"replies":[{"embeddable":true,"href":"https:\/\/www.abchukuk.com\/index.php\/wp-json\/wp\/v2\/comments?post=9052"}],"version-history":[{"count":0,"href":"https:\/\/www.abchukuk.com\/index.php\/wp-json\/wp\/v2\/posts\/9052\/revisions"}],"wp:featuredmedia":[{"embeddable":true,"href":"https:\/\/www.abchukuk.com\/index.php\/wp-json\/wp\/v2\/media\/9053"}],"wp:attachment":[{"href":"https:\/\/www.abchukuk.com\/index.php\/wp-json\/wp\/v2\/media?parent=9052"}],"wp:term":[{"taxonomy":"category","embeddable":true,"href":"https:\/\/www.abchukuk.com\/index.php\/wp-json\/wp\/v2\/categories?post=9052"},{"taxonomy":"post_tag","embeddable":true,"href":"https:\/\/www.abchukuk.com\/index.php\/wp-json\/wp\/v2\/tags?post=9052"}],"curies":[{"name":"wp","href":"https:\/\/api.w.org\/{rel}","templated":true}]}}