{"id":9048,"date":"2025-10-23T08:51:00","date_gmt":"2025-10-23T08:51:00","guid":{"rendered":"https:\/\/www.abchukuk.com\/index.php\/2025\/10\/23\/ozgur-ozel-acikladi-ekrem-imamoglunun-ilk-icraati-ne-olacak\/"},"modified":"2025-10-23T08:51:00","modified_gmt":"2025-10-23T08:51:00","slug":"ozgur-ozel-acikladi-ekrem-imamoglunun-ilk-icraati-ne-olacak","status":"publish","type":"post","link":"https:\/\/www.abchukuk.com\/index.php\/2025\/10\/23\/ozgur-ozel-acikladi-ekrem-imamoglunun-ilk-icraati-ne-olacak\/","title":{"rendered":"\u00d6zg\u00fcr \u00d6zel a\u00e7\u0131klad\u0131: Ekrem \u0130mamo\u011flu\u2019nun ilk icraat\u0131 ne olacak?"},"content":{"rendered":"<p>CHP lideri \u00d6zg\u00fcr \u00d6zel, \u201cEkrem \u0130mamo\u011flu o sand\u0131\u011f\u0131 buldu\u011fumuzda, o sand\u0131k geldi\u011finde, milletimizin sizlerin takdiriyle Cumhurba\u015fkan\u0131 oldu\u011funda Cumhurba\u015fkanl\u0131\u011f\u0131 makam\u0131na oturdu\u011funda ilk ba\u011flataca\u011f\u0131 telefon TOK\u0130\u2019ye olacak. Ve ilk talimat\u0131, \u2018Ne yap\u0131n edin bir y\u0131l i\u00e7inde ihtiyac\u0131 olan her \u00f6\u011frencinin bar\u0131nma sorununu \u00e7\u00f6zecek Cumhuriyet yurtlar\u0131n\u0131 bitirin\u2019 olacak. \u0130lk icraat, ilk talimat\u0131 bu olacak\u201d dedi.CHP lideri \u00d6zg\u00fcr \u00d6zel, \u201cEkrem \u0130mamo\u011flu o sand\u0131\u011f\u0131 buldu\u011fumuzda, o sand\u0131k geldi\u011finde, milletimizin sizlerin takdiriyle Cumhurba\u015fkan\u0131 oldu\u011funda Cumhurba\u015fkanl\u0131\u011f\u0131 makam\u0131na oturdu\u011funda ilk ba\u011flataca\u011f\u0131 telefon TOK\u0130\u2019ye olacak. Ve ilk talimat\u0131, \u2018Ne yap\u0131n edin bir y\u0131l i\u00e7inde ihtiyac\u0131 olan her \u00f6\u011frencinin bar\u0131nma sorununu \u00e7\u00f6zecek Cumhuriyet yurtlar\u0131n\u0131 bitirin\u2019 olacak. \u0130lk icraat, ilk talimat\u0131 bu olacak\u201d dedi.\u00a0<a href=\"https:\/\/www.cumhuriyet.com.tr\/siyaset\/ozgur-ozel-acikladi-ekrem-imamoglu-nun-ilk-icraati-ne-olacak-2446219\" target=\"_blank\" class=\"feedzy-rss-link-icon\">Read More<\/a><\/p>","protected":false},"excerpt":{"rendered":"<p>CHP lideri \u00d6zg\u00fcr \u00d6zel, \u201cEkrem \u0130mamo\u011flu o sand\u0131\u011f\u0131 buldu\u011fumuzda, o sand\u0131k geldi\u011finde, milletimizin sizlerin takdiriyle Cumhurba\u015fkan\u0131 oldu\u011funda Cumhurba\u015fkanl\u0131\u011f\u0131 makam\u0131na oturdu\u011funda ilk ba\u011flataca\u011f\u0131 telefon TOK\u0130\u2019ye olacak. Ve ilk talimat\u0131, \u2018Ne yap\u0131n edin bir y\u0131l i\u00e7inde ihtiyac\u0131 olan her \u00f6\u011frencinin bar\u0131nma sorununu \u00e7\u00f6zecek Cumhuriyet yurtlar\u0131n\u0131 bitirin\u2019 olacak. \u0130lk icraat, ilk talimat\u0131 bu olacak\u201d dedi.CHP lideri \u00d6zg\u00fcr \u00d6zel, [&hellip;]<\/p>\n","protected":false},"author":1,"featured_media":9049,"comment_status":"open","ping_status":"open","sticky":false,"template":"","format":"standard","meta":{"footnotes":"","_links_to":"","_links_to_target":""},"categories":[1],"tags":[],"class_list":["post-9048","post","type-post","status-publish","format-standard","has-post-thumbnail","hentry","category-haberler"],"_links":{"self":[{"href":"https:\/\/www.abchukuk.com\/index.php\/wp-json\/wp\/v2\/posts\/9048","targetHints":{"allow":["GET"]}}],"collection":[{"href":"https:\/\/www.abchukuk.com\/index.php\/wp-json\/wp\/v2\/posts"}],"about":[{"href":"https:\/\/www.abchukuk.com\/index.php\/wp-json\/wp\/v2\/types\/post"}],"author":[{"embeddable":true,"href":"https:\/\/www.abchukuk.com\/index.php\/wp-json\/wp\/v2\/users\/1"}],"replies":[{"embeddable":true,"href":"https:\/\/www.abchukuk.com\/index.php\/wp-json\/wp\/v2\/comments?post=9048"}],"version-history":[{"count":0,"href":"https:\/\/www.abchukuk.com\/index.php\/wp-json\/wp\/v2\/posts\/9048\/revisions"}],"wp:featuredmedia":[{"embeddable":true,"href":"https:\/\/www.abchukuk.com\/index.php\/wp-json\/wp\/v2\/media\/9049"}],"wp:attachment":[{"href":"https:\/\/www.abchukuk.com\/index.php\/wp-json\/wp\/v2\/media?parent=9048"}],"wp:term":[{"taxonomy":"category","embeddable":true,"href":"https:\/\/www.abchukuk.com\/index.php\/wp-json\/wp\/v2\/categories?post=9048"},{"taxonomy":"post_tag","embeddable":true,"href":"https:\/\/www.abchukuk.com\/index.php\/wp-json\/wp\/v2\/tags?post=9048"}],"curies":[{"name":"wp","href":"https:\/\/api.w.org\/{rel}","templated":true}]}}