{"id":9045,"date":"2025-10-23T07:47:00","date_gmt":"2025-10-23T07:47:00","guid":{"rendered":"https:\/\/www.abchukuk.com\/index.php\/2025\/10\/23\/chpli-ademden-fesas-projesi-hakkinda-carpici-iddia-ortulu-yolsuzluk-surecine-donustu\/"},"modified":"2025-10-23T07:47:00","modified_gmt":"2025-10-23T07:47:00","slug":"chpli-ademden-fesas-projesi-hakkinda-carpici-iddia-ortulu-yolsuzluk-surecine-donustu","status":"publish","type":"post","link":"https:\/\/www.abchukuk.com\/index.php\/2025\/10\/23\/chpli-ademden-fesas-projesi-hakkinda-carpici-iddia-ortulu-yolsuzluk-surecine-donustu\/","title":{"rendered":"CHP\u2019li Adem\u2019den &#8216;FESAS Projesi&#8217; hakk\u0131nda \u00e7arp\u0131c\u0131 iddia: &#8216;\u00d6rt\u00fcl\u00fc yolsuzluk s\u00fcrecine d\u00f6n\u00fc\u015ft\u00fc&#8217;"},"content":{"rendered":"<p>CHP Genel Ba\u015fkan Yard\u0131mc\u0131s\u0131 Erhan Adem, Tar\u0131m Kredi Kooperatifleri taraf\u0131ndan y\u00fcr\u00fct\u00fclen FESAS \u2013 Tar\u0131m Sekt\u00f6r\u00fcnde Kay\u0131tl\u0131 \u0130stihdam Deste\u011fi Projesi&#8217;ne ili\u015fkin, &#8220;Bu proje kamu zarar\u0131 yaratan, hesap sorulmayan bir \u00f6rt\u00fcl\u00fc yolsuzluk s\u00fcrecine d\u00f6n\u00fc\u015fm\u00fc\u015ft\u00fcr&#8221; dedi.CHP Genel Ba\u015fkan Yard\u0131mc\u0131s\u0131 Erhan Adem, Tar\u0131m Kredi Kooperatifleri taraf\u0131ndan y\u00fcr\u00fct\u00fclen FESAS \u2013 Tar\u0131m Sekt\u00f6r\u00fcnde Kay\u0131tl\u0131 \u0130stihdam Deste\u011fi Projesi&#8217;ne ili\u015fkin, &#8220;Bu proje kamu zarar\u0131 yaratan, hesap sorulmayan bir \u00f6rt\u00fcl\u00fc yolsuzluk s\u00fcrecine d\u00f6n\u00fc\u015fm\u00fc\u015ft\u00fcr&#8221; dedi.\u00a0<a href=\"https:\/\/www.cumhuriyet.com.tr\/turkiye\/chp-li-adem-den-fesas-projesi-hakkinda-carpici-iddia-ortulu-yolsuzluk-surecine-donustu-2446189\" target=\"_blank\" class=\"feedzy-rss-link-icon\">Read More<\/a><\/p>","protected":false},"excerpt":{"rendered":"<p>CHP Genel Ba\u015fkan Yard\u0131mc\u0131s\u0131 Erhan Adem, Tar\u0131m Kredi Kooperatifleri taraf\u0131ndan y\u00fcr\u00fct\u00fclen FESAS \u2013 Tar\u0131m Sekt\u00f6r\u00fcnde Kay\u0131tl\u0131 \u0130stihdam Deste\u011fi Projesi&#8217;ne ili\u015fkin, &#8220;Bu proje kamu zarar\u0131 yaratan, hesap sorulmayan bir \u00f6rt\u00fcl\u00fc yolsuzluk s\u00fcrecine d\u00f6n\u00fc\u015fm\u00fc\u015ft\u00fcr&#8221; dedi.CHP Genel Ba\u015fkan Yard\u0131mc\u0131s\u0131 Erhan Adem, Tar\u0131m Kredi Kooperatifleri taraf\u0131ndan y\u00fcr\u00fct\u00fclen FESAS \u2013 Tar\u0131m Sekt\u00f6r\u00fcnde Kay\u0131tl\u0131 \u0130stihdam Deste\u011fi Projesi&#8217;ne ili\u015fkin, &#8220;Bu proje kamu [&hellip;]<\/p>\n","protected":false},"author":1,"featured_media":9046,"comment_status":"open","ping_status":"open","sticky":false,"template":"","format":"standard","meta":{"footnotes":"","_links_to":"","_links_to_target":""},"categories":[1],"tags":[],"class_list":["post-9045","post","type-post","status-publish","format-standard","has-post-thumbnail","hentry","category-haberler"],"_links":{"self":[{"href":"https:\/\/www.abchukuk.com\/index.php\/wp-json\/wp\/v2\/posts\/9045","targetHints":{"allow":["GET"]}}],"collection":[{"href":"https:\/\/www.abchukuk.com\/index.php\/wp-json\/wp\/v2\/posts"}],"about":[{"href":"https:\/\/www.abchukuk.com\/index.php\/wp-json\/wp\/v2\/types\/post"}],"author":[{"embeddable":true,"href":"https:\/\/www.abchukuk.com\/index.php\/wp-json\/wp\/v2\/users\/1"}],"replies":[{"embeddable":true,"href":"https:\/\/www.abchukuk.com\/index.php\/wp-json\/wp\/v2\/comments?post=9045"}],"version-history":[{"count":0,"href":"https:\/\/www.abchukuk.com\/index.php\/wp-json\/wp\/v2\/posts\/9045\/revisions"}],"wp:featuredmedia":[{"embeddable":true,"href":"https:\/\/www.abchukuk.com\/index.php\/wp-json\/wp\/v2\/media\/9046"}],"wp:attachment":[{"href":"https:\/\/www.abchukuk.com\/index.php\/wp-json\/wp\/v2\/media?parent=9045"}],"wp:term":[{"taxonomy":"category","embeddable":true,"href":"https:\/\/www.abchukuk.com\/index.php\/wp-json\/wp\/v2\/categories?post=9045"},{"taxonomy":"post_tag","embeddable":true,"href":"https:\/\/www.abchukuk.com\/index.php\/wp-json\/wp\/v2\/tags?post=9045"}],"curies":[{"name":"wp","href":"https:\/\/api.w.org\/{rel}","templated":true}]}}