{"id":9042,"date":"2025-10-23T07:56:50","date_gmt":"2025-10-23T07:56:50","guid":{"rendered":"https:\/\/www.abchukuk.com\/index.php\/2025\/10\/23\/bakan-tunc-hakim-ve-savci-yardimcilariyla-bulustu\/"},"modified":"2025-10-23T07:56:50","modified_gmt":"2025-10-23T07:56:50","slug":"bakan-tunc-hakim-ve-savci-yardimcilariyla-bulustu","status":"publish","type":"post","link":"https:\/\/www.abchukuk.com\/index.php\/2025\/10\/23\/bakan-tunc-hakim-ve-savci-yardimcilariyla-bulustu\/","title":{"rendered":"Bakan Tun\u00e7, Hakim ve Savc\u0131 yard\u0131mc\u0131lar\u0131yla bulu\u015ftu"},"content":{"rendered":"<p>Adalet Bakan\u0131 Y\u0131lmaz Tun\u00e7, T\u00fcrkiye Adalet Akademisinde e\u011fitimleri devam eden 2. d\u00f6nem hakim-savc\u0131 yard\u0131mc\u0131lar\u0131yla \u201cGelenekten Gelece\u011fe Adalet E\u011fitimi\u201d program\u0131nda bir araya geldi.<\/p>\n<p>Hakim-savc\u0131 yard\u0131mc\u0131lar\u0131na konu\u015fan Bakan Tun\u00e7, T\u00fcrkiye Y\u00fczy\u0131l\u0131\u2019nda in\u015fa s\u00fcrecinde gen\u00e7 hukuk\u00e7ulara b\u00fcy\u00fck g\u00f6rev d\u00fc\u015ft\u00fc\u011f\u00fcn\u00fc belirtti. Hakim-savc\u0131 yard\u0131mc\u0131lar\u0131n\u0131n Akademide ve adliyelerde edinecekleri tecr\u00fcbelerle birlikte k\u00fcrs\u00fcye daha g\u00fc\u00e7l\u00fc \u015fekilde \u00e7\u0131kacaklar\u0131n\u0131 belirten Bakan Tun\u00e7, \u201cAdalet toplumsal bar\u0131\u015f ve huzurun teminat\u0131d\u0131r. Devletin g\u00f6revi \u00f6ncelikle adaleti tesis etmektir.\u201d dedi.<\/p>\n<p><img fetchpriority=\"high\" decoding=\"async\" class=\"alignnone size-large wp-image-164169\" src=\"https:\/\/www.son.tv\/wp-content\/uploads\/2025\/10\/DSC_0720-1024x679.jpg\" alt=\"\" width=\"1024\" height=\"679\" \/><\/p>\n<p>Mecelle\u2019de Ahmet Cevdet Pa\u015fa\u2019n\u0131n hakimin \u00f6zelliklerini nas\u0131l sayd\u0131\u011f\u0131n\u0131 anlatan Bakan Tun\u00e7, \u201cSizlere g\u00fcveniyoruz. Sizler yarg\u0131da kaliteyi daha da art\u0131racaks\u0131n\u0131z. Adaylar\u0131n kuras\u0131 kas\u0131m ay\u0131 gibi \u00e7ekilecek. Art\u0131k bundan sonra Akademide hep hakim-savc\u0131 yard\u0131mc\u0131lar\u0131m\u0131z olacak. Sizler de in\u015fallah bu s\u00fcreyi tamamlad\u0131ktan sonra \u00fclkemizin, milletimizin hizmetinde en g\u00fczel \u00e7al\u0131\u015fmalar\u0131 yapacaks\u0131n\u0131z.\u201d dedi.<\/p>\n<p>F\u0130Z\u0130K\u0130 \u0130MKANLAR KONUSUNDA \u00c7OK \u00d6NEML\u0130 MESAFELER KAT ETT\u0130K<\/p>\n<p>Bakan Y\u0131lmaz Tun\u00e7, adaletin tecellisi i\u00e7in mevzuat\u0131nda ihtiya\u00e7lara cevap verir nitelikte ve g\u00fcncel olmas\u0131 gerekti\u011fini belirterek Yarg\u0131 Reformu Strateji Belgeleriyle mevzuat\u0131n yenilendi\u011fini kaydetti. Bakan Y\u0131lmaz Tun\u00e7, son 23 y\u0131lda temel kanunlar\u0131n de\u011fi\u015fti\u011fini belirterek s\u00f6zlerine \u015f\u00f6yle devam etti:<\/p>\n<p>\u201cFiziki imkanlar konusunda da \u00e7ok \u00f6nemli mesafeler kat ettik. 78 adliye saray\u0131ndan bug\u00fcn 387 civar\u0131nda yeni m\u00fcstakil adliye binam\u0131z var. 68 tane de yat\u0131r\u0131m program\u0131nda olan var. Her hafta bir a\u00e7\u0131l\u0131\u015f, bir temel atma t\u00f6renine giderek adliyelerimizin daha kaliteli mekanlara kavu\u015fmas\u0131 i\u00e7in \u00e7aba sarf ediyoruz. Teknolojinin imkanlar\u0131n\u0131 art\u0131r\u0131yoruz. UYAP sistemimizi geli\u015ftiriyoruz.\u201d<\/p>\n<p><img decoding=\"async\" class=\"alignnone size-large wp-image-164170\" src=\"https:\/\/www.son.tv\/wp-content\/uploads\/2025\/10\/DSC_0385-1024x683.jpg\" alt=\"\" width=\"1024\" height=\"683\" \/><\/p>\n<p>Yarg\u0131da fiziki imkanlar\u0131 geli\u015ftirmeye devam edeceklerini kaydeden Bakan Tun\u00e7, \u201cTabii en \u00f6nemlisi insan unsuru. Yani yarg\u0131da as\u0131l karar verecek olan k\u00fcrs\u00fcdeki hakimlerimiz, iddia makam\u0131 savc\u0131lar\u0131m\u0131z ve savunmay\u0131 temsil eden avukatlar\u0131m\u0131z. \u00d6zellikle hakim-savc\u0131 yard\u0131mc\u0131l\u0131\u011f\u0131 sistemine ge\u00e7memizin sebebi kaliteyi daha da art\u0131rmak ve bu hedefi ger\u00e7ekle\u015ftirmek.\u201d ifadelerini kulland\u0131.<\/p>\n<p>AMA\u00c7 ADALET H\u0130ZMETLER\u0130NDE \u0130NSAN KAL\u0130TES\u0130N\u0130 ARTIRMAK<\/p>\n<p>Hukuk Mesleklerine Giri\u015f S\u0131nav\u0131, hakim-savc\u0131 yard\u0131mc\u0131l\u0131\u011f\u0131 gibi uygulamalar\u0131n temel amac\u0131n\u0131n adalet hizmetlerindeki insan kalitesini daha da y\u00fckseltmek oldu\u011funu anlatan Bakan Tun\u00e7, bir yandan da hukuk e\u011fitiminin kalitesinin art\u0131r\u0131lmas\u0131na y\u00f6nelik \u00e7al\u0131\u015fmalar yapt\u0131klar\u0131n\u0131 dile getirdi.<\/p>\n<p>Cumhurba\u015fkan\u0131 Recep Tayyip Erdo\u011fan taraf\u0131ndan kamuoyuna a\u00e7\u0131klanan 4. Yarg\u0131 Reformu Strateji Belgesi\u2019nde yarg\u0131 hizmetlerinin gecikmeksizin, \u00f6ng\u00f6r\u00fclebilir ve g\u00fcvenilir bir \u015fekilde ger\u00e7ekle\u015fmesine y\u00f6nelik \u00f6nemli ama\u00e7lar ve hedefler oldu\u011funu an\u0131msatan Bakan Tun\u00e7, \u015fu anda 11. Yarg\u0131 Paketi \u00fczerinde \u00e7al\u0131\u015fmalar\u0131n devam etti\u011fini kaydetti.<\/p>\n<p>Hakim-savc\u0131 yard\u0131mc\u0131lar\u0131n\u0131n sorular\u0131n\u0131 da yan\u0131tlayan Bakan Tun\u00e7\u2019a T\u00fcrkiye Adalet Akademisi Ba\u015fkan\u0131 Bekir Altun taraf\u0131ndan Bakan Tun\u00e7\u2019un Akademi yapt\u0131\u011f\u0131 \u00f6z\u00e7ekim bask\u0131s\u0131 hediye edildi.<\/p>\n<p>Adalet Bakan\u0131 Y\u0131lmaz Tun\u00e7, Hakim ve Savc\u0131 yard\u0131mc\u0131lar\u0131yla bulu\u015ftu. Hakim-savc\u0131 yard\u0131mc\u0131l\u0131\u011f\u0131 m\u00fcessesiyle e\u011fitimini tamamlayan adaylar\u0131n k\u00fcrs\u00fcye \u00e7ok daha g\u00fc\u00e7l\u00fc ve donan\u0131ml\u0131 \u00e7\u0131kaca\u011f\u0131n\u0131 belirten Bakan Tun\u00e7, \u201cSizler adaletin tecellisi yolunda T\u00fcrkiye Y\u00fczy\u0131l\u0131\u2019na damga vuracak ki\u015filersiniz. T\u00fcrkiye Y\u00fczy\u0131l\u0131, adaletin de y\u00fczy\u0131l\u0131 olacak in\u015fallah. B\u00fct\u00fcn temennimiz T\u00fcrkiye&#8217;yi d\u00fcnyada en g\u00fc\u00e7l\u00fc \u00fclkeler konumuna getirelim.\u201d dedi.\u00a0<a href=\"https:\/\/www.son.tv\/bakan-tunc-hakim-ve-savci-yardimcilariyla-bulustu\/\" target=\"_blank\" class=\"feedzy-rss-link-icon\">Read More<\/a><\/p>","protected":false},"excerpt":{"rendered":"<p>Adalet Bakan\u0131 Y\u0131lmaz Tun\u00e7, T\u00fcrkiye Adalet Akademisinde e\u011fitimleri devam eden 2. d\u00f6nem hakim-savc\u0131 yard\u0131mc\u0131lar\u0131yla \u201cGelenekten Gelece\u011fe Adalet E\u011fitimi\u201d program\u0131nda bir araya geldi. Hakim-savc\u0131 yard\u0131mc\u0131lar\u0131na konu\u015fan Bakan Tun\u00e7, T\u00fcrkiye Y\u00fczy\u0131l\u0131\u2019nda in\u015fa s\u00fcrecinde gen\u00e7 hukuk\u00e7ulara b\u00fcy\u00fck g\u00f6rev d\u00fc\u015ft\u00fc\u011f\u00fcn\u00fc belirtti. Hakim-savc\u0131 yard\u0131mc\u0131lar\u0131n\u0131n Akademide ve adliyelerde edinecekleri tecr\u00fcbelerle birlikte k\u00fcrs\u00fcye daha g\u00fc\u00e7l\u00fc \u015fekilde \u00e7\u0131kacaklar\u0131n\u0131 belirten Bakan Tun\u00e7, \u201cAdalet toplumsal [&hellip;]<\/p>\n","protected":false},"author":1,"featured_media":9043,"comment_status":"open","ping_status":"open","sticky":false,"template":"","format":"standard","meta":{"footnotes":"","_links_to":"","_links_to_target":""},"categories":[1],"tags":[],"class_list":["post-9042","post","type-post","status-publish","format-standard","has-post-thumbnail","hentry","category-haberler"],"_links":{"self":[{"href":"https:\/\/www.abchukuk.com\/index.php\/wp-json\/wp\/v2\/posts\/9042","targetHints":{"allow":["GET"]}}],"collection":[{"href":"https:\/\/www.abchukuk.com\/index.php\/wp-json\/wp\/v2\/posts"}],"about":[{"href":"https:\/\/www.abchukuk.com\/index.php\/wp-json\/wp\/v2\/types\/post"}],"author":[{"embeddable":true,"href":"https:\/\/www.abchukuk.com\/index.php\/wp-json\/wp\/v2\/users\/1"}],"replies":[{"embeddable":true,"href":"https:\/\/www.abchukuk.com\/index.php\/wp-json\/wp\/v2\/comments?post=9042"}],"version-history":[{"count":0,"href":"https:\/\/www.abchukuk.com\/index.php\/wp-json\/wp\/v2\/posts\/9042\/revisions"}],"wp:featuredmedia":[{"embeddable":true,"href":"https:\/\/www.abchukuk.com\/index.php\/wp-json\/wp\/v2\/media\/9043"}],"wp:attachment":[{"href":"https:\/\/www.abchukuk.com\/index.php\/wp-json\/wp\/v2\/media?parent=9042"}],"wp:term":[{"taxonomy":"category","embeddable":true,"href":"https:\/\/www.abchukuk.com\/index.php\/wp-json\/wp\/v2\/categories?post=9042"},{"taxonomy":"post_tag","embeddable":true,"href":"https:\/\/www.abchukuk.com\/index.php\/wp-json\/wp\/v2\/tags?post=9042"}],"curies":[{"name":"wp","href":"https:\/\/api.w.org\/{rel}","templated":true}]}}