{"id":9015,"date":"2025-10-22T19:39:00","date_gmt":"2025-10-22T19:39:00","guid":{"rendered":"https:\/\/www.abchukuk.com\/index.php\/2025\/10\/22\/omer-celikten-israile-tepki-hukuksuz-bir-saldirganliktir\/"},"modified":"2025-10-22T19:39:00","modified_gmt":"2025-10-22T19:39:00","slug":"omer-celikten-israile-tepki-hukuksuz-bir-saldirganliktir","status":"publish","type":"post","link":"https:\/\/www.abchukuk.com\/index.php\/2025\/10\/22\/omer-celikten-israile-tepki-hukuksuz-bir-saldirganliktir\/","title":{"rendered":"\u00d6mer \u00c7elik&#8217;ten \u0130srail&#8217;e tepki: Hukuksuz bir sald\u0131rganl\u0131kt\u0131r"},"content":{"rendered":"<p>AK Parti Genel Ba\u015fkan Yard\u0131mc\u0131s\u0131 ve Parti S\u00f6zc\u00fcs\u00fc \u00d6mer \u00c7elik, &#8220;\u0130srail Meclisi&#8217;nin i\u015fgal alt\u0131ndaki Bat\u0131 \u015eeria topraklar\u0131n\u0131 ilhak etmeye d\u00f6n\u00fck karar\u0131, soyk\u0131r\u0131m siyasetinin yeni bir ad\u0131m\u0131d\u0131r. Bu tamamen hukuksuz bir sald\u0131rganl\u0131kt\u0131r.&#8221; ifadelerini kulland\u0131.AK Parti Genel Ba\u015fkan Yard\u0131mc\u0131s\u0131 ve Parti S\u00f6zc\u00fcs\u00fc \u00d6mer \u00c7elik, &#8220;\u0130srail Meclisi&#8217;nin i\u015fgal alt\u0131ndaki Bat\u0131 \u015eeria topraklar\u0131n\u0131 ilhak etmeye d\u00f6n\u00fck karar\u0131, soyk\u0131r\u0131m siyasetinin yeni bir ad\u0131m\u0131d\u0131r. Bu tamamen hukuksuz bir sald\u0131rganl\u0131kt\u0131r.&#8221; ifadelerini kulland\u0131.\u00a0<a href=\"https:\/\/www.dunya.com\/gundem\/omer-celikten-israile-tepki-hukuksuz-bir-saldirganliktir-haberi-799709\" target=\"_blank\" class=\"feedzy-rss-link-icon\">Read More<\/a><\/p>","protected":false},"excerpt":{"rendered":"<p>AK Parti Genel Ba\u015fkan Yard\u0131mc\u0131s\u0131 ve Parti S\u00f6zc\u00fcs\u00fc \u00d6mer \u00c7elik, &#8220;\u0130srail Meclisi&#8217;nin i\u015fgal alt\u0131ndaki Bat\u0131 \u015eeria topraklar\u0131n\u0131 ilhak etmeye d\u00f6n\u00fck karar\u0131, soyk\u0131r\u0131m siyasetinin yeni bir ad\u0131m\u0131d\u0131r. Bu tamamen hukuksuz bir sald\u0131rganl\u0131kt\u0131r.&#8221; ifadelerini kulland\u0131.AK Parti Genel Ba\u015fkan Yard\u0131mc\u0131s\u0131 ve Parti S\u00f6zc\u00fcs\u00fc \u00d6mer \u00c7elik, &#8220;\u0130srail Meclisi&#8217;nin i\u015fgal alt\u0131ndaki Bat\u0131 \u015eeria topraklar\u0131n\u0131 ilhak etmeye d\u00f6n\u00fck karar\u0131, soyk\u0131r\u0131m siyasetinin [&hellip;]<\/p>\n","protected":false},"author":1,"featured_media":9016,"comment_status":"open","ping_status":"open","sticky":false,"template":"","format":"standard","meta":{"footnotes":"","_links_to":"","_links_to_target":""},"categories":[1],"tags":[],"class_list":["post-9015","post","type-post","status-publish","format-standard","has-post-thumbnail","hentry","category-haberler"],"_links":{"self":[{"href":"https:\/\/www.abchukuk.com\/index.php\/wp-json\/wp\/v2\/posts\/9015","targetHints":{"allow":["GET"]}}],"collection":[{"href":"https:\/\/www.abchukuk.com\/index.php\/wp-json\/wp\/v2\/posts"}],"about":[{"href":"https:\/\/www.abchukuk.com\/index.php\/wp-json\/wp\/v2\/types\/post"}],"author":[{"embeddable":true,"href":"https:\/\/www.abchukuk.com\/index.php\/wp-json\/wp\/v2\/users\/1"}],"replies":[{"embeddable":true,"href":"https:\/\/www.abchukuk.com\/index.php\/wp-json\/wp\/v2\/comments?post=9015"}],"version-history":[{"count":0,"href":"https:\/\/www.abchukuk.com\/index.php\/wp-json\/wp\/v2\/posts\/9015\/revisions"}],"wp:featuredmedia":[{"embeddable":true,"href":"https:\/\/www.abchukuk.com\/index.php\/wp-json\/wp\/v2\/media\/9016"}],"wp:attachment":[{"href":"https:\/\/www.abchukuk.com\/index.php\/wp-json\/wp\/v2\/media?parent=9015"}],"wp:term":[{"taxonomy":"category","embeddable":true,"href":"https:\/\/www.abchukuk.com\/index.php\/wp-json\/wp\/v2\/categories?post=9015"},{"taxonomy":"post_tag","embeddable":true,"href":"https:\/\/www.abchukuk.com\/index.php\/wp-json\/wp\/v2\/tags?post=9015"}],"curies":[{"name":"wp","href":"https:\/\/api.w.org\/{rel}","templated":true}]}}