{"id":9012,"date":"2025-10-22T18:47:00","date_gmt":"2025-10-22T18:47:00","guid":{"rendered":"https:\/\/www.abchukuk.com\/index.php\/2025\/10\/22\/hak-is-genel-baskani-mahmut-arslan-asgari-ucrette-adalet-icin-mucadele-etmeliyiz\/"},"modified":"2025-10-22T18:47:00","modified_gmt":"2025-10-22T18:47:00","slug":"hak-is-genel-baskani-mahmut-arslan-asgari-ucrette-adalet-icin-mucadele-etmeliyiz","status":"publish","type":"post","link":"https:\/\/www.abchukuk.com\/index.php\/2025\/10\/22\/hak-is-genel-baskani-mahmut-arslan-asgari-ucrette-adalet-icin-mucadele-etmeliyiz\/","title":{"rendered":"HAK-\u0130\u015e Genel Ba\u015fkan\u0131 Mahmut Arslan: Asgari \u00fccrette adalet i\u00e7in m\u00fccadele etmeliyiz"},"content":{"rendered":"<p>HAK-\u0130\u015e Genel Ba\u015fkan\u0131 Mahmut Arslan, asgari \u00fccretin adil bir seviyeye \u00e7ekilmesi gerekti\u011fini belirterek, kay\u0131t d\u0131\u015f\u0131 istihdam ve sendikal haklar\u0131n \u00f6n\u00fcndeki engellerle birlikte bu konuda kararl\u0131 m\u00fccadele \u00e7a\u011fr\u0131s\u0131 yapt\u0131.HAK-\u0130\u015e Genel Ba\u015fkan\u0131 Mahmut Arslan, asgari \u00fccretin adil bir seviyeye \u00e7ekilmesi gerekti\u011fini belirterek, kay\u0131t d\u0131\u015f\u0131 istihdam ve sendikal haklar\u0131n \u00f6n\u00fcndeki engellerle birlikte bu konuda kararl\u0131 m\u00fccadele \u00e7a\u011fr\u0131s\u0131 yapt\u0131.\u00a0<a href=\"https:\/\/www.dunya.com\/is-dunyasi\/hak-is-genel-baskani-mahmut-arslan-asgari-ucrette-adalet-icin-mucadele-etmeliyiz-haberi-799706\" target=\"_blank\" class=\"feedzy-rss-link-icon\">Read More<\/a><\/p>","protected":false},"excerpt":{"rendered":"<p>HAK-\u0130\u015e Genel Ba\u015fkan\u0131 Mahmut Arslan, asgari \u00fccretin adil bir seviyeye \u00e7ekilmesi gerekti\u011fini belirterek, kay\u0131t d\u0131\u015f\u0131 istihdam ve sendikal haklar\u0131n \u00f6n\u00fcndeki engellerle birlikte bu konuda kararl\u0131 m\u00fccadele \u00e7a\u011fr\u0131s\u0131 yapt\u0131.HAK-\u0130\u015e Genel Ba\u015fkan\u0131 Mahmut Arslan, asgari \u00fccretin adil bir seviyeye \u00e7ekilmesi gerekti\u011fini belirterek, kay\u0131t d\u0131\u015f\u0131 istihdam ve sendikal haklar\u0131n \u00f6n\u00fcndeki engellerle birlikte bu konuda kararl\u0131 m\u00fccadele \u00e7a\u011fr\u0131s\u0131 yapt\u0131.\u00a0Read [&hellip;]<\/p>\n","protected":false},"author":1,"featured_media":9013,"comment_status":"open","ping_status":"open","sticky":false,"template":"","format":"standard","meta":{"footnotes":"","_links_to":"","_links_to_target":""},"categories":[1],"tags":[],"class_list":["post-9012","post","type-post","status-publish","format-standard","has-post-thumbnail","hentry","category-haberler"],"_links":{"self":[{"href":"https:\/\/www.abchukuk.com\/index.php\/wp-json\/wp\/v2\/posts\/9012","targetHints":{"allow":["GET"]}}],"collection":[{"href":"https:\/\/www.abchukuk.com\/index.php\/wp-json\/wp\/v2\/posts"}],"about":[{"href":"https:\/\/www.abchukuk.com\/index.php\/wp-json\/wp\/v2\/types\/post"}],"author":[{"embeddable":true,"href":"https:\/\/www.abchukuk.com\/index.php\/wp-json\/wp\/v2\/users\/1"}],"replies":[{"embeddable":true,"href":"https:\/\/www.abchukuk.com\/index.php\/wp-json\/wp\/v2\/comments?post=9012"}],"version-history":[{"count":0,"href":"https:\/\/www.abchukuk.com\/index.php\/wp-json\/wp\/v2\/posts\/9012\/revisions"}],"wp:featuredmedia":[{"embeddable":true,"href":"https:\/\/www.abchukuk.com\/index.php\/wp-json\/wp\/v2\/media\/9013"}],"wp:attachment":[{"href":"https:\/\/www.abchukuk.com\/index.php\/wp-json\/wp\/v2\/media?parent=9012"}],"wp:term":[{"taxonomy":"category","embeddable":true,"href":"https:\/\/www.abchukuk.com\/index.php\/wp-json\/wp\/v2\/categories?post=9012"},{"taxonomy":"post_tag","embeddable":true,"href":"https:\/\/www.abchukuk.com\/index.php\/wp-json\/wp\/v2\/tags?post=9012"}],"curies":[{"name":"wp","href":"https:\/\/api.w.org\/{rel}","templated":true}]}}