{"id":9010,"date":"2025-10-22T17:33:00","date_gmt":"2025-10-22T17:33:00","guid":{"rendered":"https:\/\/www.abchukuk.com\/index.php\/2025\/10\/22\/tartismalar-suruyor-savciliktan-minguzzi-davasinda-yeni-aciklama\/"},"modified":"2025-10-22T17:33:00","modified_gmt":"2025-10-22T17:33:00","slug":"tartismalar-suruyor-savciliktan-minguzzi-davasinda-yeni-aciklama","status":"publish","type":"post","link":"https:\/\/www.abchukuk.com\/index.php\/2025\/10\/22\/tartismalar-suruyor-savciliktan-minguzzi-davasinda-yeni-aciklama\/","title":{"rendered":"Tart\u0131\u015fmalar s\u00fcr\u00fcyor: Savc\u0131l\u0131ktan Minguzzi davas\u0131nda yeni a\u00e7\u0131klama"},"content":{"rendered":"<p>\u0130stanbul Anadolu Cumhuriyet Ba\u015fsavc\u0131l\u0131\u011f\u0131, Mattia Ahmet Minguzzi davas\u0131na ili\u015fkin ikinci a\u00e7\u0131klamas\u0131n\u0131 yapt\u0131. Savc\u0131l\u0131k, beraat eden san\u0131klar A.\u00d6. ve M.A.D. hakk\u0131ndaki kararlar\u0131n m\u00fctalaaya ayk\u0131r\u0131 oldu\u011funu vurgulad\u0131.\u0130stanbul Anadolu Cumhuriyet Ba\u015fsavc\u0131l\u0131\u011f\u0131, Mattia Ahmet Minguzzi davas\u0131na ili\u015fkin ikinci a\u00e7\u0131klamas\u0131n\u0131 yapt\u0131. Savc\u0131l\u0131k, beraat eden san\u0131klar A.\u00d6. ve M.A.D. hakk\u0131ndaki kararlar\u0131n m\u00fctalaaya ayk\u0131r\u0131 oldu\u011funu vurgulad\u0131.\u00a0<a href=\"https:\/\/www.cumhuriyet.com.tr\/turkiye\/tartismalar-suruyor-savciliktan-minguzzi-davasinda-yeni-aciklama-2446061\" target=\"_blank\" class=\"feedzy-rss-link-icon\">Read More<\/a><\/p>","protected":false},"excerpt":{"rendered":"<p>\u0130stanbul Anadolu Cumhuriyet Ba\u015fsavc\u0131l\u0131\u011f\u0131, Mattia Ahmet Minguzzi davas\u0131na ili\u015fkin ikinci a\u00e7\u0131klamas\u0131n\u0131 yapt\u0131. Savc\u0131l\u0131k, beraat eden san\u0131klar A.\u00d6. ve M.A.D. hakk\u0131ndaki kararlar\u0131n m\u00fctalaaya ayk\u0131r\u0131 oldu\u011funu vurgulad\u0131.\u0130stanbul Anadolu Cumhuriyet Ba\u015fsavc\u0131l\u0131\u011f\u0131, Mattia Ahmet Minguzzi davas\u0131na ili\u015fkin ikinci a\u00e7\u0131klamas\u0131n\u0131 yapt\u0131. Savc\u0131l\u0131k, beraat eden san\u0131klar A.\u00d6. ve M.A.D. hakk\u0131ndaki kararlar\u0131n m\u00fctalaaya ayk\u0131r\u0131 oldu\u011funu vurgulad\u0131.\u00a0Read More<\/p>\n","protected":false},"author":1,"featured_media":9011,"comment_status":"open","ping_status":"open","sticky":false,"template":"","format":"standard","meta":{"footnotes":"","_links_to":"","_links_to_target":""},"categories":[1],"tags":[],"class_list":["post-9010","post","type-post","status-publish","format-standard","has-post-thumbnail","hentry","category-haberler"],"_links":{"self":[{"href":"https:\/\/www.abchukuk.com\/index.php\/wp-json\/wp\/v2\/posts\/9010","targetHints":{"allow":["GET"]}}],"collection":[{"href":"https:\/\/www.abchukuk.com\/index.php\/wp-json\/wp\/v2\/posts"}],"about":[{"href":"https:\/\/www.abchukuk.com\/index.php\/wp-json\/wp\/v2\/types\/post"}],"author":[{"embeddable":true,"href":"https:\/\/www.abchukuk.com\/index.php\/wp-json\/wp\/v2\/users\/1"}],"replies":[{"embeddable":true,"href":"https:\/\/www.abchukuk.com\/index.php\/wp-json\/wp\/v2\/comments?post=9010"}],"version-history":[{"count":0,"href":"https:\/\/www.abchukuk.com\/index.php\/wp-json\/wp\/v2\/posts\/9010\/revisions"}],"wp:featuredmedia":[{"embeddable":true,"href":"https:\/\/www.abchukuk.com\/index.php\/wp-json\/wp\/v2\/media\/9011"}],"wp:attachment":[{"href":"https:\/\/www.abchukuk.com\/index.php\/wp-json\/wp\/v2\/media?parent=9010"}],"wp:term":[{"taxonomy":"category","embeddable":true,"href":"https:\/\/www.abchukuk.com\/index.php\/wp-json\/wp\/v2\/categories?post=9010"},{"taxonomy":"post_tag","embeddable":true,"href":"https:\/\/www.abchukuk.com\/index.php\/wp-json\/wp\/v2\/tags?post=9010"}],"curies":[{"name":"wp","href":"https:\/\/api.w.org\/{rel}","templated":true}]}}