{"id":9008,"date":"2025-10-22T17:55:00","date_gmt":"2025-10-22T17:55:00","guid":{"rendered":"https:\/\/www.abchukuk.com\/index.php\/2025\/10\/22\/minguzzi-davasinda-flas-gelisme-bassavcilik-acikladi\/"},"modified":"2025-10-22T17:55:00","modified_gmt":"2025-10-22T17:55:00","slug":"minguzzi-davasinda-flas-gelisme-bassavcilik-acikladi","status":"publish","type":"post","link":"https:\/\/www.abchukuk.com\/index.php\/2025\/10\/22\/minguzzi-davasinda-flas-gelisme-bassavcilik-acikladi\/","title":{"rendered":"Minguzzi Davas\u0131nda Fla\u015f Geli\u015fme! Ba\u015fsavc\u0131l\u0131k A\u00e7\u0131klad\u0131"},"content":{"rendered":"<p><a href=\"https:\/\/www.gercekgundem.com\/guncel\/minguzzi-davasinda-flas-gelisme-bassavcilik-acikladi-560755\"><br \/>\n                                                            <img decoding=\"async\" src=\"https:\/\/i.gercekgundem.com\/2\/150\/84\/storage\/files\/images\/2025\/10\/21\/mattia-ahmet-minguzzi-cinayeti-davasinda-karar-gunu-dsn7.jpg\" width=\"150\" height=\"84\" border=\"0\" align=\"right\" \/><br \/>\n                                                    <\/a><\/p>\n<h4>Ba\u015fsavc\u0131l\u0131k, Mattia Ahmet Minguzzi davas\u0131nda verilen beraat kararlar\u0131na ili\u015fkin a\u00e7\u0131klama yapt\u0131. 2 san\u0131\u011f\u0131n beraat etmesinin m\u00fctalaaya ayk\u0131r\u0131 oldu\u011funu belirten savc\u0131l\u0131k, gerek\u00e7eli karar\u0131n tebli\u011finden sonra istinafa ba\u015fvurulaca\u011f\u0131n\u0131 bildirdi.<\/h4>\n<p>Ba\u015fsavc\u0131l\u0131k, Mattia Ahmet Minguzzi davas\u0131nda verilen beraat kararlar\u0131na ili\u015fkin a\u00e7\u0131klama yapt\u0131. 2 san\u0131\u011f\u0131n beraat etmesinin m\u00fctalaaya ayk\u0131r\u0131 oldu\u011funu belirten savc\u0131l\u0131k, gerek\u00e7eli karar\u0131n tebli\u011finden sonra istinafa ba\u015fvurulaca\u011f\u0131n\u0131 bildirdi.\u00a0<a href=\"https:\/\/www.gercekgundem.com\/guncel\/minguzzi-davasinda-flas-gelisme-bassavcilik-acikladi-560755\" target=\"_blank\" class=\"feedzy-rss-link-icon\">Read More<\/a><\/p>","protected":false},"excerpt":{"rendered":"<p>Ba\u015fsavc\u0131l\u0131k, Mattia Ahmet Minguzzi davas\u0131nda verilen beraat kararlar\u0131na ili\u015fkin a\u00e7\u0131klama yapt\u0131. 2 san\u0131\u011f\u0131n beraat etmesinin m\u00fctalaaya ayk\u0131r\u0131 oldu\u011funu belirten savc\u0131l\u0131k, gerek\u00e7eli karar\u0131n tebli\u011finden sonra istinafa ba\u015fvurulaca\u011f\u0131n\u0131 bildirdi. Ba\u015fsavc\u0131l\u0131k, Mattia Ahmet Minguzzi davas\u0131nda verilen beraat kararlar\u0131na ili\u015fkin a\u00e7\u0131klama yapt\u0131. 2 san\u0131\u011f\u0131n beraat etmesinin m\u00fctalaaya ayk\u0131r\u0131 oldu\u011funu belirten savc\u0131l\u0131k, gerek\u00e7eli karar\u0131n tebli\u011finden sonra istinafa ba\u015fvurulaca\u011f\u0131n\u0131 bildirdi.\u00a0Read More<\/p>\n","protected":false},"author":1,"featured_media":9009,"comment_status":"open","ping_status":"open","sticky":false,"template":"","format":"standard","meta":{"footnotes":"","_links_to":"","_links_to_target":""},"categories":[1],"tags":[],"class_list":["post-9008","post","type-post","status-publish","format-standard","has-post-thumbnail","hentry","category-haberler"],"_links":{"self":[{"href":"https:\/\/www.abchukuk.com\/index.php\/wp-json\/wp\/v2\/posts\/9008","targetHints":{"allow":["GET"]}}],"collection":[{"href":"https:\/\/www.abchukuk.com\/index.php\/wp-json\/wp\/v2\/posts"}],"about":[{"href":"https:\/\/www.abchukuk.com\/index.php\/wp-json\/wp\/v2\/types\/post"}],"author":[{"embeddable":true,"href":"https:\/\/www.abchukuk.com\/index.php\/wp-json\/wp\/v2\/users\/1"}],"replies":[{"embeddable":true,"href":"https:\/\/www.abchukuk.com\/index.php\/wp-json\/wp\/v2\/comments?post=9008"}],"version-history":[{"count":0,"href":"https:\/\/www.abchukuk.com\/index.php\/wp-json\/wp\/v2\/posts\/9008\/revisions"}],"wp:featuredmedia":[{"embeddable":true,"href":"https:\/\/www.abchukuk.com\/index.php\/wp-json\/wp\/v2\/media\/9009"}],"wp:attachment":[{"href":"https:\/\/www.abchukuk.com\/index.php\/wp-json\/wp\/v2\/media?parent=9008"}],"wp:term":[{"taxonomy":"category","embeddable":true,"href":"https:\/\/www.abchukuk.com\/index.php\/wp-json\/wp\/v2\/categories?post=9008"},{"taxonomy":"post_tag","embeddable":true,"href":"https:\/\/www.abchukuk.com\/index.php\/wp-json\/wp\/v2\/tags?post=9008"}],"curies":[{"name":"wp","href":"https:\/\/api.w.org\/{rel}","templated":true}]}}