{"id":8996,"date":"2025-10-22T14:43:00","date_gmt":"2025-10-22T14:43:00","guid":{"rendered":"https:\/\/www.abchukuk.com\/index.php\/2025\/10\/22\/orman-yangini-cikardiklari-suclamasiyla-yargilanan-5-saniga-tahliye\/"},"modified":"2025-10-22T14:43:00","modified_gmt":"2025-10-22T14:43:00","slug":"orman-yangini-cikardiklari-suclamasiyla-yargilanan-5-saniga-tahliye","status":"publish","type":"post","link":"https:\/\/www.abchukuk.com\/index.php\/2025\/10\/22\/orman-yangini-cikardiklari-suclamasiyla-yargilanan-5-saniga-tahliye\/","title":{"rendered":"Orman yang\u0131n\u0131 \u00e7\u0131kard\u0131klar\u0131 su\u00e7lamas\u0131yla yarg\u0131lanan 5 san\u0131\u011fa tahliye"},"content":{"rendered":"<p>\u0130zmir&#8217;in Bornova il\u00e7esinde define ararken orman yang\u0131n\u0131 \u00e7\u0131kard\u0131klar\u0131 iddias\u0131yla iki su\u00e7tan 18&#8217;er y\u0131la kadar hapis istemiyle hakim \u00f6n\u00fcne \u00e7\u0131kan 5 san\u0131k tahliye edildi.\u0130zmir&#8217;in Bornova il\u00e7esinde define ararken orman yang\u0131n\u0131 \u00e7\u0131kard\u0131klar\u0131 iddias\u0131yla iki su\u00e7tan 18&#8217;er y\u0131la kadar hapis istemiyle hakim \u00f6n\u00fcne \u00e7\u0131kan 5 san\u0131k tahliye edildi.\u00a0<a href=\"https:\/\/www.cumhuriyet.com.tr\/turkiye\/orman-yangini-cikardiklari-suclamasiyla-yargilanan-5-saniga-tahliye-2446021\" target=\"_blank\" class=\"feedzy-rss-link-icon\">Read More<\/a><\/p>","protected":false},"excerpt":{"rendered":"<p>\u0130zmir&#8217;in Bornova il\u00e7esinde define ararken orman yang\u0131n\u0131 \u00e7\u0131kard\u0131klar\u0131 iddias\u0131yla iki su\u00e7tan 18&#8217;er y\u0131la kadar hapis istemiyle hakim \u00f6n\u00fcne \u00e7\u0131kan 5 san\u0131k tahliye edildi.\u0130zmir&#8217;in Bornova il\u00e7esinde define ararken orman yang\u0131n\u0131 \u00e7\u0131kard\u0131klar\u0131 iddias\u0131yla iki su\u00e7tan 18&#8217;er y\u0131la kadar hapis istemiyle hakim \u00f6n\u00fcne \u00e7\u0131kan 5 san\u0131k tahliye edildi.\u00a0Read More<\/p>\n","protected":false},"author":1,"featured_media":8997,"comment_status":"open","ping_status":"open","sticky":false,"template":"","format":"standard","meta":{"footnotes":"","_links_to":"","_links_to_target":""},"categories":[1],"tags":[],"class_list":["post-8996","post","type-post","status-publish","format-standard","has-post-thumbnail","hentry","category-haberler"],"_links":{"self":[{"href":"https:\/\/www.abchukuk.com\/index.php\/wp-json\/wp\/v2\/posts\/8996","targetHints":{"allow":["GET"]}}],"collection":[{"href":"https:\/\/www.abchukuk.com\/index.php\/wp-json\/wp\/v2\/posts"}],"about":[{"href":"https:\/\/www.abchukuk.com\/index.php\/wp-json\/wp\/v2\/types\/post"}],"author":[{"embeddable":true,"href":"https:\/\/www.abchukuk.com\/index.php\/wp-json\/wp\/v2\/users\/1"}],"replies":[{"embeddable":true,"href":"https:\/\/www.abchukuk.com\/index.php\/wp-json\/wp\/v2\/comments?post=8996"}],"version-history":[{"count":0,"href":"https:\/\/www.abchukuk.com\/index.php\/wp-json\/wp\/v2\/posts\/8996\/revisions"}],"wp:featuredmedia":[{"embeddable":true,"href":"https:\/\/www.abchukuk.com\/index.php\/wp-json\/wp\/v2\/media\/8997"}],"wp:attachment":[{"href":"https:\/\/www.abchukuk.com\/index.php\/wp-json\/wp\/v2\/media?parent=8996"}],"wp:term":[{"taxonomy":"category","embeddable":true,"href":"https:\/\/www.abchukuk.com\/index.php\/wp-json\/wp\/v2\/categories?post=8996"},{"taxonomy":"post_tag","embeddable":true,"href":"https:\/\/www.abchukuk.com\/index.php\/wp-json\/wp\/v2\/tags?post=8996"}],"curies":[{"name":"wp","href":"https:\/\/api.w.org\/{rel}","templated":true}]}}