{"id":8766,"date":"2025-10-20T09:00:00","date_gmt":"2025-10-20T09:00:00","guid":{"rendered":"https:\/\/www.abchukuk.com\/index.php\/2025\/10\/20\/cumhuriyetimizin-hukuk-devleti-yolculugu-konferansi-ankarada-duzenlendi\/"},"modified":"2025-10-20T09:00:00","modified_gmt":"2025-10-20T09:00:00","slug":"cumhuriyetimizin-hukuk-devleti-yolculugu-konferansi-ankarada-duzenlendi","status":"publish","type":"post","link":"https:\/\/www.abchukuk.com\/index.php\/2025\/10\/20\/cumhuriyetimizin-hukuk-devleti-yolculugu-konferansi-ankarada-duzenlendi\/","title":{"rendered":"\u201cCumhuriyetimizin Hukuk Devleti Yolculu\u011fu&#8221; konferans\u0131 Ankara&#8217;da d\u00fczenlendi"},"content":{"rendered":"<p>T\u00fcrk Hukuk Kurumu, Cumhuriyetin 100. y\u0131l\u0131na uzanan hukuk devleti ser\u00fcvenini mercek alt\u0131na ald\u0131. \u201cCumhuriyetimizin Hukuk Devleti Yolculu\u011fu &#8211; I\u201d ba\u015fl\u0131kl\u0131 konferans Ankara&#8217;da d\u00fczenlendiT\u00fcrk Hukuk Kurumu, Cumhuriyetin 100. y\u0131l\u0131na uzanan hukuk devleti ser\u00fcvenini mercek alt\u0131na ald\u0131. \u201cCumhuriyetimizin Hukuk Devleti Yolculu\u011fu &#8211; I\u201d ba\u015fl\u0131kl\u0131 konferans Ankara&#8217;da d\u00fczenlendi\u00a0<a href=\"https:\/\/www.cumhuriyet.com.tr\/turkiye\/cumhuriyetimizin-hukuk-devleti-yolculugu-konferansi-ankara-da-duzenleniyor-2445280\" target=\"_blank\" class=\"feedzy-rss-link-icon\">Read More<\/a><\/p>","protected":false},"excerpt":{"rendered":"<p>T\u00fcrk Hukuk Kurumu, Cumhuriyetin 100. y\u0131l\u0131na uzanan hukuk devleti ser\u00fcvenini mercek alt\u0131na ald\u0131. \u201cCumhuriyetimizin Hukuk Devleti Yolculu\u011fu &#8211; I\u201d ba\u015fl\u0131kl\u0131 konferans Ankara&#8217;da d\u00fczenlendiT\u00fcrk Hukuk Kurumu, Cumhuriyetin 100. y\u0131l\u0131na uzanan hukuk devleti ser\u00fcvenini mercek alt\u0131na ald\u0131. \u201cCumhuriyetimizin Hukuk Devleti Yolculu\u011fu &#8211; I\u201d ba\u015fl\u0131kl\u0131 konferans Ankara&#8217;da d\u00fczenlendi\u00a0Read More<\/p>\n","protected":false},"author":1,"featured_media":8767,"comment_status":"open","ping_status":"open","sticky":false,"template":"","format":"standard","meta":{"footnotes":"","_links_to":"","_links_to_target":""},"categories":[1],"tags":[],"class_list":["post-8766","post","type-post","status-publish","format-standard","has-post-thumbnail","hentry","category-haberler"],"_links":{"self":[{"href":"https:\/\/www.abchukuk.com\/index.php\/wp-json\/wp\/v2\/posts\/8766","targetHints":{"allow":["GET"]}}],"collection":[{"href":"https:\/\/www.abchukuk.com\/index.php\/wp-json\/wp\/v2\/posts"}],"about":[{"href":"https:\/\/www.abchukuk.com\/index.php\/wp-json\/wp\/v2\/types\/post"}],"author":[{"embeddable":true,"href":"https:\/\/www.abchukuk.com\/index.php\/wp-json\/wp\/v2\/users\/1"}],"replies":[{"embeddable":true,"href":"https:\/\/www.abchukuk.com\/index.php\/wp-json\/wp\/v2\/comments?post=8766"}],"version-history":[{"count":0,"href":"https:\/\/www.abchukuk.com\/index.php\/wp-json\/wp\/v2\/posts\/8766\/revisions"}],"wp:featuredmedia":[{"embeddable":true,"href":"https:\/\/www.abchukuk.com\/index.php\/wp-json\/wp\/v2\/media\/8767"}],"wp:attachment":[{"href":"https:\/\/www.abchukuk.com\/index.php\/wp-json\/wp\/v2\/media?parent=8766"}],"wp:term":[{"taxonomy":"category","embeddable":true,"href":"https:\/\/www.abchukuk.com\/index.php\/wp-json\/wp\/v2\/categories?post=8766"},{"taxonomy":"post_tag","embeddable":true,"href":"https:\/\/www.abchukuk.com\/index.php\/wp-json\/wp\/v2\/tags?post=8766"}],"curies":[{"name":"wp","href":"https:\/\/api.w.org\/{rel}","templated":true}]}}