{"id":8740,"date":"2025-10-20T09:53:00","date_gmt":"2025-10-20T09:53:00","guid":{"rendered":"https:\/\/www.abchukuk.com\/index.php\/2025\/10\/20\/yargitay-baskani-kerkezden-aym-cikisi-bir-ihlal-karari-verdigi-zaman-tum-kurumlar-buna-uymali\/"},"modified":"2025-10-20T09:53:00","modified_gmt":"2025-10-20T09:53:00","slug":"yargitay-baskani-kerkezden-aym-cikisi-bir-ihlal-karari-verdigi-zaman-tum-kurumlar-buna-uymali","status":"publish","type":"post","link":"https:\/\/www.abchukuk.com\/index.php\/2025\/10\/20\/yargitay-baskani-kerkezden-aym-cikisi-bir-ihlal-karari-verdigi-zaman-tum-kurumlar-buna-uymali\/","title":{"rendered":"Yarg\u0131tay Ba\u015fkan\u0131 Kerkez&#8217;den &#8216;AYM&#8217; \u00e7\u0131k\u0131\u015f\u0131: &#8216;Bir ihlal karar\u0131 verdi\u011fi zaman t\u00fcm kurumlar buna uymal\u0131&#8217;"},"content":{"rendered":"<p>Yarg\u0131tay Ba\u015fkan\u0131 \u00d6mer Kerkez, \u201cAnayasa Mahkememiz bir ihlal karar\u0131 verdi\u011fi zaman t\u00fcm kurumlar\u0131n, t\u00fcm yarg\u0131 organlar\u0131n\u0131n hepimizin buna uymas\u0131 ve gere\u011fini yerine getirmemesi gerekir. \u00c7\u00fcnk\u00fc kesinlikle \u015fu c\u00fcmleyi s\u00f6ylemek istiyorum. \u0130hlalin sonu\u00e7lar\u0131n\u0131n giderilmesi de vatanda\u015f\u0131m\u0131z\u0131n bir temel hakk\u0131d\u0131r\u201d dedi.Yarg\u0131tay Ba\u015fkan\u0131 \u00d6mer Kerkez, \u201cAnayasa Mahkememiz bir ihlal karar\u0131 verdi\u011fi zaman t\u00fcm kurumlar\u0131n, t\u00fcm yarg\u0131 organlar\u0131n\u0131n hepimizin buna uymas\u0131 ve gere\u011fini yerine getirmemesi gerekir. \u00c7\u00fcnk\u00fc kesinlikle \u015fu c\u00fcmleyi s\u00f6ylemek istiyorum. \u0130hlalin sonu\u00e7lar\u0131n\u0131n giderilmesi de vatanda\u015f\u0131m\u0131z\u0131n bir temel hakk\u0131d\u0131r\u201d dedi.\u00a0<a href=\"https:\/\/www.cumhuriyet.com.tr\/turkiye\/yargitay-baskani-kerkez-den-aym-cikisi-bir-ihlal-karari-verdigi-zaman-tum-kurumlar-buna-uymali-2445263\" target=\"_blank\" class=\"feedzy-rss-link-icon\">Read More<\/a><\/p>","protected":false},"excerpt":{"rendered":"<p>Yarg\u0131tay Ba\u015fkan\u0131 \u00d6mer Kerkez, \u201cAnayasa Mahkememiz bir ihlal karar\u0131 verdi\u011fi zaman t\u00fcm kurumlar\u0131n, t\u00fcm yarg\u0131 organlar\u0131n\u0131n hepimizin buna uymas\u0131 ve gere\u011fini yerine getirmemesi gerekir. \u00c7\u00fcnk\u00fc kesinlikle \u015fu c\u00fcmleyi s\u00f6ylemek istiyorum. \u0130hlalin sonu\u00e7lar\u0131n\u0131n giderilmesi de vatanda\u015f\u0131m\u0131z\u0131n bir temel hakk\u0131d\u0131r\u201d dedi.Yarg\u0131tay Ba\u015fkan\u0131 \u00d6mer Kerkez, \u201cAnayasa Mahkememiz bir ihlal karar\u0131 verdi\u011fi zaman t\u00fcm kurumlar\u0131n, t\u00fcm yarg\u0131 organlar\u0131n\u0131n hepimizin [&hellip;]<\/p>\n","protected":false},"author":1,"featured_media":8741,"comment_status":"open","ping_status":"open","sticky":false,"template":"","format":"standard","meta":{"footnotes":"","_links_to":"","_links_to_target":""},"categories":[1],"tags":[],"class_list":["post-8740","post","type-post","status-publish","format-standard","has-post-thumbnail","hentry","category-haberler"],"_links":{"self":[{"href":"https:\/\/www.abchukuk.com\/index.php\/wp-json\/wp\/v2\/posts\/8740","targetHints":{"allow":["GET"]}}],"collection":[{"href":"https:\/\/www.abchukuk.com\/index.php\/wp-json\/wp\/v2\/posts"}],"about":[{"href":"https:\/\/www.abchukuk.com\/index.php\/wp-json\/wp\/v2\/types\/post"}],"author":[{"embeddable":true,"href":"https:\/\/www.abchukuk.com\/index.php\/wp-json\/wp\/v2\/users\/1"}],"replies":[{"embeddable":true,"href":"https:\/\/www.abchukuk.com\/index.php\/wp-json\/wp\/v2\/comments?post=8740"}],"version-history":[{"count":0,"href":"https:\/\/www.abchukuk.com\/index.php\/wp-json\/wp\/v2\/posts\/8740\/revisions"}],"wp:featuredmedia":[{"embeddable":true,"href":"https:\/\/www.abchukuk.com\/index.php\/wp-json\/wp\/v2\/media\/8741"}],"wp:attachment":[{"href":"https:\/\/www.abchukuk.com\/index.php\/wp-json\/wp\/v2\/media?parent=8740"}],"wp:term":[{"taxonomy":"category","embeddable":true,"href":"https:\/\/www.abchukuk.com\/index.php\/wp-json\/wp\/v2\/categories?post=8740"},{"taxonomy":"post_tag","embeddable":true,"href":"https:\/\/www.abchukuk.com\/index.php\/wp-json\/wp\/v2\/tags?post=8740"}],"curies":[{"name":"wp","href":"https:\/\/api.w.org\/{rel}","templated":true}]}}