{"id":8623,"date":"2025-10-18T13:05:54","date_gmt":"2025-10-18T13:05:54","guid":{"rendered":"https:\/\/www.abchukuk.com\/index.php\/2025\/10\/18\/ekrem-imamoglu-hakkinda-savcilara-hakaret-ettigi-iddiasiyla-acilan-dava-dustu\/"},"modified":"2025-10-18T13:05:54","modified_gmt":"2025-10-18T13:05:54","slug":"ekrem-imamoglu-hakkinda-savcilara-hakaret-ettigi-iddiasiyla-acilan-dava-dustu","status":"publish","type":"post","link":"https:\/\/www.abchukuk.com\/index.php\/2025\/10\/18\/ekrem-imamoglu-hakkinda-savcilara-hakaret-ettigi-iddiasiyla-acilan-dava-dustu\/","title":{"rendered":"Ekrem \u0130mamo\u011flu hakk\u0131nda savc\u0131lara hakaret etti\u011fi iddias\u0131yla a\u00e7\u0131lan dava d\u00fc\u015ft\u00fc"},"content":{"rendered":"<p>Tutuklanan ve \u0130BB Ba\u015fkanl\u0131\u011f\u0131 g\u00f6revinden uzakla\u015ft\u0131r\u0131lan Ekrem \u0130mamo\u011flu hakk\u0131nda, \u201cCumhuriyet savc\u0131lar\u0131na hakaret etti\u011fi\u201d iddias\u0131yla a\u00e7\u0131lan dava \u00f6n \u00f6deme nedeniyle d\u00fc\u015ft\u00fc.Tutuklanan ve \u0130BB Ba\u015fkanl\u0131\u011f\u0131 g\u00f6revinden uzakla\u015ft\u0131r\u0131lan Ekrem \u0130mamo\u011flu hakk\u0131nda, \u201cCumhuriyet savc\u0131lar\u0131na hakaret etti\u011fi\u201d iddias\u0131yla a\u00e7\u0131lan dava \u00f6n \u00f6deme nedeniyle d\u00fc\u015ft\u00fc.\u00a0<a href=\"https:\/\/anlatilaninotesi.com.tr\/20251018\/ekrem-imamoglu-hakkinda-savcilara-hakaret-ettigi-iddiasiyla-acilan-dava-dustu-1100292438.html\" target=\"_blank\" class=\"feedzy-rss-link-icon\">Read More<\/a><\/p>","protected":false},"excerpt":{"rendered":"<p>Tutuklanan ve \u0130BB Ba\u015fkanl\u0131\u011f\u0131 g\u00f6revinden uzakla\u015ft\u0131r\u0131lan Ekrem \u0130mamo\u011flu hakk\u0131nda, \u201cCumhuriyet savc\u0131lar\u0131na hakaret etti\u011fi\u201d iddias\u0131yla a\u00e7\u0131lan dava \u00f6n \u00f6deme nedeniyle d\u00fc\u015ft\u00fc.Tutuklanan ve \u0130BB Ba\u015fkanl\u0131\u011f\u0131 g\u00f6revinden uzakla\u015ft\u0131r\u0131lan Ekrem \u0130mamo\u011flu hakk\u0131nda, \u201cCumhuriyet savc\u0131lar\u0131na hakaret etti\u011fi\u201d iddias\u0131yla a\u00e7\u0131lan dava \u00f6n \u00f6deme nedeniyle d\u00fc\u015ft\u00fc.\u00a0Read More<\/p>\n","protected":false},"author":1,"featured_media":0,"comment_status":"open","ping_status":"open","sticky":false,"template":"","format":"standard","meta":{"footnotes":"","_links_to":"","_links_to_target":""},"categories":[1],"tags":[],"class_list":["post-8623","post","type-post","status-publish","format-standard","hentry","category-haberler"],"_links":{"self":[{"href":"https:\/\/www.abchukuk.com\/index.php\/wp-json\/wp\/v2\/posts\/8623","targetHints":{"allow":["GET"]}}],"collection":[{"href":"https:\/\/www.abchukuk.com\/index.php\/wp-json\/wp\/v2\/posts"}],"about":[{"href":"https:\/\/www.abchukuk.com\/index.php\/wp-json\/wp\/v2\/types\/post"}],"author":[{"embeddable":true,"href":"https:\/\/www.abchukuk.com\/index.php\/wp-json\/wp\/v2\/users\/1"}],"replies":[{"embeddable":true,"href":"https:\/\/www.abchukuk.com\/index.php\/wp-json\/wp\/v2\/comments?post=8623"}],"version-history":[{"count":0,"href":"https:\/\/www.abchukuk.com\/index.php\/wp-json\/wp\/v2\/posts\/8623\/revisions"}],"wp:attachment":[{"href":"https:\/\/www.abchukuk.com\/index.php\/wp-json\/wp\/v2\/media?parent=8623"}],"wp:term":[{"taxonomy":"category","embeddable":true,"href":"https:\/\/www.abchukuk.com\/index.php\/wp-json\/wp\/v2\/categories?post=8623"},{"taxonomy":"post_tag","embeddable":true,"href":"https:\/\/www.abchukuk.com\/index.php\/wp-json\/wp\/v2\/tags?post=8623"}],"curies":[{"name":"wp","href":"https:\/\/api.w.org\/{rel}","templated":true}]}}