{"id":8609,"date":"2025-10-18T10:15:00","date_gmt":"2025-10-18T10:15:00","guid":{"rendered":"https:\/\/www.abchukuk.com\/index.php\/2025\/10\/18\/ozgur-ozelden-amsterdamda-kritik-aciklamalar-iktidari-elestiren-kim-varsa-gozaltina-aliniyor\/"},"modified":"2025-10-18T10:15:00","modified_gmt":"2025-10-18T10:15:00","slug":"ozgur-ozelden-amsterdamda-kritik-aciklamalar-iktidari-elestiren-kim-varsa-gozaltina-aliniyor","status":"publish","type":"post","link":"https:\/\/www.abchukuk.com\/index.php\/2025\/10\/18\/ozgur-ozelden-amsterdamda-kritik-aciklamalar-iktidari-elestiren-kim-varsa-gozaltina-aliniyor\/","title":{"rendered":"\u00d6zg\u00fcr \u00d6zel&#8217;den Amsterdam&#8217;da Kritik A\u00e7\u0131klamalar: \u2018\u0130ktidar\u0131 Ele\u015ftiren Kim Varsa G\u00f6zalt\u0131na Al\u0131n\u0131yor\u2019"},"content":{"rendered":"<p><a href=\"https:\/\/www.gercekgundem.com\/guncel\/ozgur-ozelden-amsterdamda-kritik-aciklamalar-560318\"><br \/>\n                                                            <img decoding=\"async\" src=\"https:\/\/i.gercekgundem.com\/2\/150\/84\/storage\/files\/images\/2025\/10\/18\/ozgur-ozelden-amsterdamda-kritik-aciklamalar-8wy6.jpg\" width=\"150\" height=\"84\" border=\"0\" align=\"right\" \/><br \/>\n                                                    <\/a><\/p>\n<h4>CHP Lideri \u00d6zg\u00fcr \u00d6zel, Avrupa Sosyalist Partisi Kongresi&#8217;nde a\u00e7\u0131klamalarda bulundu. T\u00fcrkiye&#8217;de demokrasinin a\u011f\u0131r sald\u0131r\u0131 alt\u0131nda oldu\u011funu  belirten \u00d6zel, \u00fcnl\u00fc isimlere y\u00f6nelik bask\u0131lar\u0131n oldu\u011funa, yarg\u0131n\u0131n siyasalla\u015fmas\u0131 ve muhalefete y\u00f6nelik sindirme politikalar\u0131 uyguland\u0131\u011f\u0131na dikkat \u00e7ekti. \u00d6zel, \u201cTeslim olmuyoruz\u201d diyerek uluslararas\u0131 dayan\u0131\u015fma \u00e7a\u011fr\u0131s\u0131 yapt\u0131.<\/h4>\n<p>CHP Lideri \u00d6zg\u00fcr \u00d6zel, Avrupa Sosyalist Partisi Kongresi&#8217;nde a\u00e7\u0131klamalarda bulundu. T\u00fcrkiye&#8217;de demokrasinin a\u011f\u0131r sald\u0131r\u0131 alt\u0131nda oldu\u011funu  belirten \u00d6zel, \u00fcnl\u00fc isimlere y\u00f6nelik bask\u0131lar\u0131n oldu\u011funa, yarg\u0131n\u0131n siyasalla\u015fmas\u0131 ve muhalefete y\u00f6nelik sindirme politikalar\u0131 uyguland\u0131\u011f\u0131na dikkat \u00e7ekti. \u00d6zel, \u201cTeslim olmuyoruz\u201d diyerek uluslararas\u0131 dayan\u0131\u015fma \u00e7a\u011fr\u0131s\u0131 yapt\u0131.\u00a0<a href=\"https:\/\/www.gercekgundem.com\/guncel\/ozgur-ozelden-amsterdamda-kritik-aciklamalar-560318\" target=\"_blank\" class=\"feedzy-rss-link-icon\">Read More<\/a><\/p>","protected":false},"excerpt":{"rendered":"<p>CHP Lideri \u00d6zg\u00fcr \u00d6zel, Avrupa Sosyalist Partisi Kongresi&#8217;nde a\u00e7\u0131klamalarda bulundu. T\u00fcrkiye&#8217;de demokrasinin a\u011f\u0131r sald\u0131r\u0131 alt\u0131nda oldu\u011funu belirten \u00d6zel, \u00fcnl\u00fc isimlere y\u00f6nelik bask\u0131lar\u0131n oldu\u011funa, yarg\u0131n\u0131n siyasalla\u015fmas\u0131 ve muhalefete y\u00f6nelik sindirme politikalar\u0131 uyguland\u0131\u011f\u0131na dikkat \u00e7ekti. \u00d6zel, \u201cTeslim olmuyoruz\u201d diyerek uluslararas\u0131 dayan\u0131\u015fma \u00e7a\u011fr\u0131s\u0131 yapt\u0131. CHP Lideri \u00d6zg\u00fcr \u00d6zel, Avrupa Sosyalist Partisi Kongresi&#8217;nde a\u00e7\u0131klamalarda bulundu. T\u00fcrkiye&#8217;de demokrasinin a\u011f\u0131r sald\u0131r\u0131 [&hellip;]<\/p>\n","protected":false},"author":1,"featured_media":8610,"comment_status":"open","ping_status":"open","sticky":false,"template":"","format":"standard","meta":{"footnotes":"","_links_to":"","_links_to_target":""},"categories":[1],"tags":[],"class_list":["post-8609","post","type-post","status-publish","format-standard","has-post-thumbnail","hentry","category-haberler"],"_links":{"self":[{"href":"https:\/\/www.abchukuk.com\/index.php\/wp-json\/wp\/v2\/posts\/8609","targetHints":{"allow":["GET"]}}],"collection":[{"href":"https:\/\/www.abchukuk.com\/index.php\/wp-json\/wp\/v2\/posts"}],"about":[{"href":"https:\/\/www.abchukuk.com\/index.php\/wp-json\/wp\/v2\/types\/post"}],"author":[{"embeddable":true,"href":"https:\/\/www.abchukuk.com\/index.php\/wp-json\/wp\/v2\/users\/1"}],"replies":[{"embeddable":true,"href":"https:\/\/www.abchukuk.com\/index.php\/wp-json\/wp\/v2\/comments?post=8609"}],"version-history":[{"count":0,"href":"https:\/\/www.abchukuk.com\/index.php\/wp-json\/wp\/v2\/posts\/8609\/revisions"}],"wp:featuredmedia":[{"embeddable":true,"href":"https:\/\/www.abchukuk.com\/index.php\/wp-json\/wp\/v2\/media\/8610"}],"wp:attachment":[{"href":"https:\/\/www.abchukuk.com\/index.php\/wp-json\/wp\/v2\/media?parent=8609"}],"wp:term":[{"taxonomy":"category","embeddable":true,"href":"https:\/\/www.abchukuk.com\/index.php\/wp-json\/wp\/v2\/categories?post=8609"},{"taxonomy":"post_tag","embeddable":true,"href":"https:\/\/www.abchukuk.com\/index.php\/wp-json\/wp\/v2\/tags?post=8609"}],"curies":[{"name":"wp","href":"https:\/\/api.w.org\/{rel}","templated":true}]}}