{"id":8601,"date":"2025-10-18T09:35:46","date_gmt":"2025-10-18T09:35:46","guid":{"rendered":"https:\/\/www.abchukuk.com\/index.php\/2025\/10\/18\/israil-bati-seriada-2-filistinliyi-gozaltina-aldi\/"},"modified":"2025-10-18T09:35:46","modified_gmt":"2025-10-18T09:35:46","slug":"israil-bati-seriada-2-filistinliyi-gozaltina-aldi","status":"publish","type":"post","link":"https:\/\/www.abchukuk.com\/index.php\/2025\/10\/18\/israil-bati-seriada-2-filistinliyi-gozaltina-aldi\/","title":{"rendered":"\u0130srail, Bat\u0131 \u015eeria\u2019da 2 Filistinliyi G\u00f6zalt\u0131na Ald\u0131"},"content":{"rendered":"<p><a href=\"https:\/\/www.gercekgundem.com\/dunya\/israil-bati-seriada-2-filistinliyi-gozaltina-aldi-560309\"><br \/>\n                                                            <img decoding=\"async\" src=\"https:\/\/i.gercekgundem.com\/2\/150\/84\/storage\/files\/images\/2025\/10\/18\/israil-bati-seriada-2-filistinliyi-gozaltina-aldi-uezm.jpg\" width=\"150\" height=\"84\" border=\"0\" align=\"right\" \/><br \/>\n                                                    <\/a><\/p>\n<h4>\u0130srail ordusu, i\u015fgal alt\u0131ndaki Bat\u0131 \u015eeria\u2019da yer alan baz\u0131 \u015fehir ve kasabalarda Filistinlilere ait evlere bask\u0131nlar d\u00fczenledi. Bu operasyonlar s\u0131ras\u0131nda iki Filistinli g\u00f6zalt\u0131na al\u0131nd\u0131.<\/h4>\n<p>\u0130srail ordusu, i\u015fgal alt\u0131ndaki Bat\u0131 \u015eeria\u2019da yer alan baz\u0131 \u015fehir ve kasabalarda Filistinlilere ait evlere bask\u0131nlar d\u00fczenledi. Bu operasyonlar s\u0131ras\u0131nda iki Filistinli g\u00f6zalt\u0131na al\u0131nd\u0131.\u00a0<a href=\"https:\/\/www.gercekgundem.com\/dunya\/israil-bati-seriada-2-filistinliyi-gozaltina-aldi-560309\" target=\"_blank\" class=\"feedzy-rss-link-icon\">Read More<\/a><\/p>","protected":false},"excerpt":{"rendered":"<p>\u0130srail ordusu, i\u015fgal alt\u0131ndaki Bat\u0131 \u015eeria\u2019da yer alan baz\u0131 \u015fehir ve kasabalarda Filistinlilere ait evlere bask\u0131nlar d\u00fczenledi. Bu operasyonlar s\u0131ras\u0131nda iki Filistinli g\u00f6zalt\u0131na al\u0131nd\u0131. \u0130srail ordusu, i\u015fgal alt\u0131ndaki Bat\u0131 \u015eeria\u2019da yer alan baz\u0131 \u015fehir ve kasabalarda Filistinlilere ait evlere bask\u0131nlar d\u00fczenledi. Bu operasyonlar s\u0131ras\u0131nda iki Filistinli g\u00f6zalt\u0131na al\u0131nd\u0131.\u00a0Read More<\/p>\n","protected":false},"author":1,"featured_media":8602,"comment_status":"open","ping_status":"open","sticky":false,"template":"","format":"standard","meta":{"footnotes":"","_links_to":"","_links_to_target":""},"categories":[1],"tags":[],"class_list":["post-8601","post","type-post","status-publish","format-standard","has-post-thumbnail","hentry","category-haberler"],"_links":{"self":[{"href":"https:\/\/www.abchukuk.com\/index.php\/wp-json\/wp\/v2\/posts\/8601","targetHints":{"allow":["GET"]}}],"collection":[{"href":"https:\/\/www.abchukuk.com\/index.php\/wp-json\/wp\/v2\/posts"}],"about":[{"href":"https:\/\/www.abchukuk.com\/index.php\/wp-json\/wp\/v2\/types\/post"}],"author":[{"embeddable":true,"href":"https:\/\/www.abchukuk.com\/index.php\/wp-json\/wp\/v2\/users\/1"}],"replies":[{"embeddable":true,"href":"https:\/\/www.abchukuk.com\/index.php\/wp-json\/wp\/v2\/comments?post=8601"}],"version-history":[{"count":0,"href":"https:\/\/www.abchukuk.com\/index.php\/wp-json\/wp\/v2\/posts\/8601\/revisions"}],"wp:featuredmedia":[{"embeddable":true,"href":"https:\/\/www.abchukuk.com\/index.php\/wp-json\/wp\/v2\/media\/8602"}],"wp:attachment":[{"href":"https:\/\/www.abchukuk.com\/index.php\/wp-json\/wp\/v2\/media?parent=8601"}],"wp:term":[{"taxonomy":"category","embeddable":true,"href":"https:\/\/www.abchukuk.com\/index.php\/wp-json\/wp\/v2\/categories?post=8601"},{"taxonomy":"post_tag","embeddable":true,"href":"https:\/\/www.abchukuk.com\/index.php\/wp-json\/wp\/v2\/tags?post=8601"}],"curies":[{"name":"wp","href":"https:\/\/api.w.org\/{rel}","templated":true}]}}