{"id":8521,"date":"2025-10-17T11:36:17","date_gmt":"2025-10-17T11:36:17","guid":{"rendered":"https:\/\/www.abchukuk.com\/index.php\/2025\/10\/17\/polonya-mahkemesi-kuzey-akim-boru-hatti-saldirisi-suphelisinin-almanyaya-iadesini-gorusuyor\/"},"modified":"2025-10-17T11:36:17","modified_gmt":"2025-10-17T11:36:17","slug":"polonya-mahkemesi-kuzey-akim-boru-hatti-saldirisi-suphelisinin-almanyaya-iadesini-gorusuyor","status":"publish","type":"post","link":"https:\/\/www.abchukuk.com\/index.php\/2025\/10\/17\/polonya-mahkemesi-kuzey-akim-boru-hatti-saldirisi-suphelisinin-almanyaya-iadesini-gorusuyor\/","title":{"rendered":"Polonya mahkemesi Kuzey Ak\u0131m boru hatt\u0131 sald\u0131r\u0131s\u0131 \u015f\u00fcphelisinin Almanya&#8217;ya iadesini g\u00f6r\u00fc\u015f\u00fcyor"},"content":{"rendered":"<p>26 Eyl\u00fcl 2022\u2019de meydana gelen denizalt\u0131 patlamalar\u0131, iki boru hatt\u0131nda a\u011f\u0131r hasara yol a\u00e7t\u0131. Bu olay, Avrupa \u00fclkelerinin Rus enerji kaynaklar\u0131ndan ba\u011f\u0131ms\u0131zla\u015fmaya y\u00f6neldi\u011fi bir d\u00f6nemde, Ukrayna\u2019daki sava\u015f \u00fczerindeki gerilimi daha da art\u0131rd\u0131.26 Eyl\u00fcl 2022\u2019de meydana gelen denizalt\u0131 patlamalar\u0131, iki boru hatt\u0131nda a\u011f\u0131r hasara yol a\u00e7t\u0131. Bu olay, Avrupa \u00fclkelerinin Rus enerji kaynaklar\u0131ndan ba\u011f\u0131ms\u0131zla\u015fmaya y\u00f6neldi\u011fi bir d\u00f6nemde, Ukrayna\u2019daki sava\u015f \u00fczerindeki gerilimi daha da art\u0131rd\u0131.\u00a0<a href=\"http:\/\/tr.euronews.com\/2025\/10\/17\/polonya-mahkemesi-kuzey-akim-boru-hatti-saldirisi-suphelisinin-almanyaya-iadesini-gorusuyo\" target=\"_blank\" class=\"feedzy-rss-link-icon\">Read More<\/a><\/p>","protected":false},"excerpt":{"rendered":"<p>26 Eyl\u00fcl 2022\u2019de meydana gelen denizalt\u0131 patlamalar\u0131, iki boru hatt\u0131nda a\u011f\u0131r hasara yol a\u00e7t\u0131. Bu olay, Avrupa \u00fclkelerinin Rus enerji kaynaklar\u0131ndan ba\u011f\u0131ms\u0131zla\u015fmaya y\u00f6neldi\u011fi bir d\u00f6nemde, Ukrayna\u2019daki sava\u015f \u00fczerindeki gerilimi daha da art\u0131rd\u0131.26 Eyl\u00fcl 2022\u2019de meydana gelen denizalt\u0131 patlamalar\u0131, iki boru hatt\u0131nda a\u011f\u0131r hasara yol a\u00e7t\u0131. Bu olay, Avrupa \u00fclkelerinin Rus enerji kaynaklar\u0131ndan ba\u011f\u0131ms\u0131zla\u015fmaya y\u00f6neldi\u011fi bir [&hellip;]<\/p>\n","protected":false},"author":1,"featured_media":0,"comment_status":"open","ping_status":"open","sticky":false,"template":"","format":"standard","meta":{"footnotes":"","_links_to":"","_links_to_target":""},"categories":[1],"tags":[],"class_list":["post-8521","post","type-post","status-publish","format-standard","hentry","category-haberler"],"_links":{"self":[{"href":"https:\/\/www.abchukuk.com\/index.php\/wp-json\/wp\/v2\/posts\/8521","targetHints":{"allow":["GET"]}}],"collection":[{"href":"https:\/\/www.abchukuk.com\/index.php\/wp-json\/wp\/v2\/posts"}],"about":[{"href":"https:\/\/www.abchukuk.com\/index.php\/wp-json\/wp\/v2\/types\/post"}],"author":[{"embeddable":true,"href":"https:\/\/www.abchukuk.com\/index.php\/wp-json\/wp\/v2\/users\/1"}],"replies":[{"embeddable":true,"href":"https:\/\/www.abchukuk.com\/index.php\/wp-json\/wp\/v2\/comments?post=8521"}],"version-history":[{"count":0,"href":"https:\/\/www.abchukuk.com\/index.php\/wp-json\/wp\/v2\/posts\/8521\/revisions"}],"wp:attachment":[{"href":"https:\/\/www.abchukuk.com\/index.php\/wp-json\/wp\/v2\/media?parent=8521"}],"wp:term":[{"taxonomy":"category","embeddable":true,"href":"https:\/\/www.abchukuk.com\/index.php\/wp-json\/wp\/v2\/categories?post=8521"},{"taxonomy":"post_tag","embeddable":true,"href":"https:\/\/www.abchukuk.com\/index.php\/wp-json\/wp\/v2\/tags?post=8521"}],"curies":[{"name":"wp","href":"https:\/\/api.w.org\/{rel}","templated":true}]}}