{"id":8501,"date":"2025-10-17T11:45:00","date_gmt":"2025-10-17T11:45:00","guid":{"rendered":"https:\/\/www.abchukuk.com\/index.php\/2025\/10\/17\/vergi-kanunlarinda-degisiklik-teklifi-mecliste-emeklilik-emlak-vergisi-arac-satisi\/"},"modified":"2025-10-17T11:45:00","modified_gmt":"2025-10-17T11:45:00","slug":"vergi-kanunlarinda-degisiklik-teklifi-mecliste-emeklilik-emlak-vergisi-arac-satisi","status":"publish","type":"post","link":"https:\/\/www.abchukuk.com\/index.php\/2025\/10\/17\/vergi-kanunlarinda-degisiklik-teklifi-mecliste-emeklilik-emlak-vergisi-arac-satisi\/","title":{"rendered":"Vergi kanunlar\u0131nda de\u011fi\u015fiklik teklifi Meclis\u2019te: Emeklilik, emlak vergisi, ara\u00e7 sat\u0131\u015f\u0131&#8230;"},"content":{"rendered":"<p>Vergi sisteminde de\u011fi\u015fiklikler i\u00e7eren yeni teklif Meclis\u2019e sunuldu. D\u00fczenleme, kay\u0131td\u0131\u015f\u0131l\u0131kla m\u00fccadele, emeklilik sistemi ve gayrimenkul piyasas\u0131nda k\u00f6kl\u00fc ad\u0131mlar getiriyor. Yeni d\u00f6nemle birlikte vergi adaletinin g\u00fc\u00e7lendirilmesi hedefleniyor.Vergi sisteminde de\u011fi\u015fiklikler i\u00e7eren yeni teklif Meclis\u2019e sunuldu. D\u00fczenleme, kay\u0131td\u0131\u015f\u0131l\u0131kla m\u00fccadele, emeklilik sistemi ve gayrimenkul piyasas\u0131nda k\u00f6kl\u00fc ad\u0131mlar getiriyor. Yeni d\u00f6nemle birlikte vergi adaletinin g\u00fc\u00e7lendirilmesi hedefleniyor.\u00a0<a href=\"https:\/\/www.cumhuriyet.com.tr\/ekonomi\/vergi-kanunlarinda-degisiklik-teklifi-meclis-te-emeklilik-emlak-vergisi-arac-satisi-2444505\" target=\"_blank\" class=\"feedzy-rss-link-icon\">Read More<\/a><\/p>","protected":false},"excerpt":{"rendered":"<p>Vergi sisteminde de\u011fi\u015fiklikler i\u00e7eren yeni teklif Meclis\u2019e sunuldu. D\u00fczenleme, kay\u0131td\u0131\u015f\u0131l\u0131kla m\u00fccadele, emeklilik sistemi ve gayrimenkul piyasas\u0131nda k\u00f6kl\u00fc ad\u0131mlar getiriyor. Yeni d\u00f6nemle birlikte vergi adaletinin g\u00fc\u00e7lendirilmesi hedefleniyor.Vergi sisteminde de\u011fi\u015fiklikler i\u00e7eren yeni teklif Meclis\u2019e sunuldu. D\u00fczenleme, kay\u0131td\u0131\u015f\u0131l\u0131kla m\u00fccadele, emeklilik sistemi ve gayrimenkul piyasas\u0131nda k\u00f6kl\u00fc ad\u0131mlar getiriyor. Yeni d\u00f6nemle birlikte vergi adaletinin g\u00fc\u00e7lendirilmesi hedefleniyor.\u00a0Read More<\/p>\n","protected":false},"author":1,"featured_media":8502,"comment_status":"open","ping_status":"open","sticky":false,"template":"","format":"standard","meta":{"footnotes":"","_links_to":"","_links_to_target":""},"categories":[1],"tags":[],"class_list":["post-8501","post","type-post","status-publish","format-standard","has-post-thumbnail","hentry","category-haberler"],"_links":{"self":[{"href":"https:\/\/www.abchukuk.com\/index.php\/wp-json\/wp\/v2\/posts\/8501","targetHints":{"allow":["GET"]}}],"collection":[{"href":"https:\/\/www.abchukuk.com\/index.php\/wp-json\/wp\/v2\/posts"}],"about":[{"href":"https:\/\/www.abchukuk.com\/index.php\/wp-json\/wp\/v2\/types\/post"}],"author":[{"embeddable":true,"href":"https:\/\/www.abchukuk.com\/index.php\/wp-json\/wp\/v2\/users\/1"}],"replies":[{"embeddable":true,"href":"https:\/\/www.abchukuk.com\/index.php\/wp-json\/wp\/v2\/comments?post=8501"}],"version-history":[{"count":0,"href":"https:\/\/www.abchukuk.com\/index.php\/wp-json\/wp\/v2\/posts\/8501\/revisions"}],"wp:featuredmedia":[{"embeddable":true,"href":"https:\/\/www.abchukuk.com\/index.php\/wp-json\/wp\/v2\/media\/8502"}],"wp:attachment":[{"href":"https:\/\/www.abchukuk.com\/index.php\/wp-json\/wp\/v2\/media?parent=8501"}],"wp:term":[{"taxonomy":"category","embeddable":true,"href":"https:\/\/www.abchukuk.com\/index.php\/wp-json\/wp\/v2\/categories?post=8501"},{"taxonomy":"post_tag","embeddable":true,"href":"https:\/\/www.abchukuk.com\/index.php\/wp-json\/wp\/v2\/tags?post=8501"}],"curies":[{"name":"wp","href":"https:\/\/api.w.org\/{rel}","templated":true}]}}