{"id":8445,"date":"2025-10-17T01:00:00","date_gmt":"2025-10-17T01:00:00","guid":{"rendered":"https:\/\/www.abchukuk.com\/index.php\/2025\/10\/17\/iktidarin-son-10-yilinda-yasaklar-artti-sanat-adliye-koridorlarinda\/"},"modified":"2025-10-17T01:00:00","modified_gmt":"2025-10-17T01:00:00","slug":"iktidarin-son-10-yilinda-yasaklar-artti-sanat-adliye-koridorlarinda","status":"publish","type":"post","link":"https:\/\/www.abchukuk.com\/index.php\/2025\/10\/17\/iktidarin-son-10-yilinda-yasaklar-artti-sanat-adliye-koridorlarinda\/","title":{"rendered":"\u0130ktidar\u0131n son 10 y\u0131l\u0131nda yasaklar artt\u0131: Sanat adliye koridorlar\u0131nda"},"content":{"rendered":"<p>Son on y\u0131lda y\u00fczlerce konser, festival ve tiyatro \u201ctoplum yap\u0131s\u0131\u201d gerek\u00e7esiyle engellendi. Sanat\u00e7\u0131lar hakk\u0131nda davalar a\u00e7\u0131ld\u0131, festivaller iptal edildi, ekranlar cezaland\u0131r\u0131ld\u0131. K\u00fclt\u00fcrel ya\u015fam ad\u0131m ad\u0131m daralt\u0131ld\u0131.Son on y\u0131lda y\u00fczlerce konser, festival ve tiyatro \u201ctoplum yap\u0131s\u0131\u201d gerek\u00e7esiyle engellendi. Sanat\u00e7\u0131lar hakk\u0131nda davalar a\u00e7\u0131ld\u0131, festivaller iptal edildi, ekranlar cezaland\u0131r\u0131ld\u0131. K\u00fclt\u00fcrel ya\u015fam ad\u0131m ad\u0131m daralt\u0131ld\u0131.\u00a0<a href=\"https:\/\/www.cumhuriyet.com.tr\/turkiye\/iktidarin-son-10-yilinda-yasaklar-artti-sanat-adliye-koridorlarinda-2444320\" target=\"_blank\" class=\"feedzy-rss-link-icon\">Read More<\/a><\/p>","protected":false},"excerpt":{"rendered":"<p>Son on y\u0131lda y\u00fczlerce konser, festival ve tiyatro \u201ctoplum yap\u0131s\u0131\u201d gerek\u00e7esiyle engellendi. Sanat\u00e7\u0131lar hakk\u0131nda davalar a\u00e7\u0131ld\u0131, festivaller iptal edildi, ekranlar cezaland\u0131r\u0131ld\u0131. K\u00fclt\u00fcrel ya\u015fam ad\u0131m ad\u0131m daralt\u0131ld\u0131.Son on y\u0131lda y\u00fczlerce konser, festival ve tiyatro \u201ctoplum yap\u0131s\u0131\u201d gerek\u00e7esiyle engellendi. Sanat\u00e7\u0131lar hakk\u0131nda davalar a\u00e7\u0131ld\u0131, festivaller iptal edildi, ekranlar cezaland\u0131r\u0131ld\u0131. K\u00fclt\u00fcrel ya\u015fam ad\u0131m ad\u0131m daralt\u0131ld\u0131.\u00a0Read More<\/p>\n","protected":false},"author":1,"featured_media":8446,"comment_status":"open","ping_status":"open","sticky":false,"template":"","format":"standard","meta":{"footnotes":"","_links_to":"","_links_to_target":""},"categories":[1],"tags":[],"class_list":["post-8445","post","type-post","status-publish","format-standard","has-post-thumbnail","hentry","category-haberler"],"_links":{"self":[{"href":"https:\/\/www.abchukuk.com\/index.php\/wp-json\/wp\/v2\/posts\/8445","targetHints":{"allow":["GET"]}}],"collection":[{"href":"https:\/\/www.abchukuk.com\/index.php\/wp-json\/wp\/v2\/posts"}],"about":[{"href":"https:\/\/www.abchukuk.com\/index.php\/wp-json\/wp\/v2\/types\/post"}],"author":[{"embeddable":true,"href":"https:\/\/www.abchukuk.com\/index.php\/wp-json\/wp\/v2\/users\/1"}],"replies":[{"embeddable":true,"href":"https:\/\/www.abchukuk.com\/index.php\/wp-json\/wp\/v2\/comments?post=8445"}],"version-history":[{"count":0,"href":"https:\/\/www.abchukuk.com\/index.php\/wp-json\/wp\/v2\/posts\/8445\/revisions"}],"wp:featuredmedia":[{"embeddable":true,"href":"https:\/\/www.abchukuk.com\/index.php\/wp-json\/wp\/v2\/media\/8446"}],"wp:attachment":[{"href":"https:\/\/www.abchukuk.com\/index.php\/wp-json\/wp\/v2\/media?parent=8445"}],"wp:term":[{"taxonomy":"category","embeddable":true,"href":"https:\/\/www.abchukuk.com\/index.php\/wp-json\/wp\/v2\/categories?post=8445"},{"taxonomy":"post_tag","embeddable":true,"href":"https:\/\/www.abchukuk.com\/index.php\/wp-json\/wp\/v2\/tags?post=8445"}],"curies":[{"name":"wp","href":"https:\/\/api.w.org\/{rel}","templated":true}]}}