{"id":8356,"date":"2025-10-16T10:19:12","date_gmt":"2025-10-16T10:19:12","guid":{"rendered":"https:\/\/www.abchukuk.com\/index.php\/2025\/10\/16\/narin-guran-cinayeti-davasinda-nevzat-bahtiyarin-avukati-cekildi\/"},"modified":"2025-10-16T10:19:12","modified_gmt":"2025-10-16T10:19:12","slug":"narin-guran-cinayeti-davasinda-nevzat-bahtiyarin-avukati-cekildi","status":"publish","type":"post","link":"https:\/\/www.abchukuk.com\/index.php\/2025\/10\/16\/narin-guran-cinayeti-davasinda-nevzat-bahtiyarin-avukati-cekildi\/","title":{"rendered":"Narin G\u00fcran cinayeti davas\u0131nda Nevzat Bahtiyar&#8217;\u0131n avukat\u0131 \u00e7ekildi"},"content":{"rendered":"<p>Diyarbak\u0131r&#8217;da kaybolduktan sonra cans\u0131z bedeni bulunan 8 ya\u015f\u0131ndaki Narin G\u00fcran cinayeti davas\u0131 san\u0131klar\u0131ndan Nevzat Bahtiyar&#8217;\u0131n avukat\u0131, &#8216;Nevzat Bahtiyar\u2019\u0131n avukatl\u0131\u011f\u0131n\u0131, art\u0131k ta\u015f\u0131yamayaca\u011f\u0131m vicdani bir sorumlulukla b\u0131rak\u0131yorum&#8217; diyerek ayr\u0131ld\u0131\u011f\u0131n\u0131 a\u00e7\u0131klad\u0131.Diyarbak\u0131r&#8217;da kaybolduktan sonra cans\u0131z bedeni bulunan 8 ya\u015f\u0131ndaki Narin G\u00fcran cinayeti davas\u0131 san\u0131klar\u0131ndan Nevzat Bahtiyar&#8217;\u0131n avukat\u0131, &#8216;Nevzat Bahtiyar\u2019\u0131n avukatl\u0131\u011f\u0131n\u0131, art\u0131k ta\u015f\u0131yamayaca\u011f\u0131m vicdani bir sorumlulukla b\u0131rak\u0131yorum&#8217; diyerek ayr\u0131ld\u0131\u011f\u0131n\u0131 a\u00e7\u0131klad\u0131.\u00a0<a href=\"https:\/\/anlatilaninotesi.com.tr\/20251016\/narin-guran-cinayeti-davasinda-nevzat-bahtiyarin-avukati-cekildi-1100235040.html\" target=\"_blank\" class=\"feedzy-rss-link-icon\">Read More<\/a><\/p>","protected":false},"excerpt":{"rendered":"<p>Diyarbak\u0131r&#8217;da kaybolduktan sonra cans\u0131z bedeni bulunan 8 ya\u015f\u0131ndaki Narin G\u00fcran cinayeti davas\u0131 san\u0131klar\u0131ndan Nevzat Bahtiyar&#8217;\u0131n avukat\u0131, &#8216;Nevzat Bahtiyar\u2019\u0131n avukatl\u0131\u011f\u0131n\u0131, art\u0131k ta\u015f\u0131yamayaca\u011f\u0131m vicdani bir sorumlulukla b\u0131rak\u0131yorum&#8217; diyerek ayr\u0131ld\u0131\u011f\u0131n\u0131 a\u00e7\u0131klad\u0131.Diyarbak\u0131r&#8217;da kaybolduktan sonra cans\u0131z bedeni bulunan 8 ya\u015f\u0131ndaki Narin G\u00fcran cinayeti davas\u0131 san\u0131klar\u0131ndan Nevzat Bahtiyar&#8217;\u0131n avukat\u0131, &#8216;Nevzat Bahtiyar\u2019\u0131n avukatl\u0131\u011f\u0131n\u0131, art\u0131k ta\u015f\u0131yamayaca\u011f\u0131m vicdani bir sorumlulukla b\u0131rak\u0131yorum&#8217; diyerek ayr\u0131ld\u0131\u011f\u0131n\u0131 a\u00e7\u0131klad\u0131.\u00a0Read [&hellip;]<\/p>\n","protected":false},"author":1,"featured_media":0,"comment_status":"open","ping_status":"open","sticky":false,"template":"","format":"standard","meta":{"footnotes":"","_links_to":"","_links_to_target":""},"categories":[1],"tags":[],"class_list":["post-8356","post","type-post","status-publish","format-standard","hentry","category-haberler"],"_links":{"self":[{"href":"https:\/\/www.abchukuk.com\/index.php\/wp-json\/wp\/v2\/posts\/8356","targetHints":{"allow":["GET"]}}],"collection":[{"href":"https:\/\/www.abchukuk.com\/index.php\/wp-json\/wp\/v2\/posts"}],"about":[{"href":"https:\/\/www.abchukuk.com\/index.php\/wp-json\/wp\/v2\/types\/post"}],"author":[{"embeddable":true,"href":"https:\/\/www.abchukuk.com\/index.php\/wp-json\/wp\/v2\/users\/1"}],"replies":[{"embeddable":true,"href":"https:\/\/www.abchukuk.com\/index.php\/wp-json\/wp\/v2\/comments?post=8356"}],"version-history":[{"count":0,"href":"https:\/\/www.abchukuk.com\/index.php\/wp-json\/wp\/v2\/posts\/8356\/revisions"}],"wp:attachment":[{"href":"https:\/\/www.abchukuk.com\/index.php\/wp-json\/wp\/v2\/media?parent=8356"}],"wp:term":[{"taxonomy":"category","embeddable":true,"href":"https:\/\/www.abchukuk.com\/index.php\/wp-json\/wp\/v2\/categories?post=8356"},{"taxonomy":"post_tag","embeddable":true,"href":"https:\/\/www.abchukuk.com\/index.php\/wp-json\/wp\/v2\/tags?post=8356"}],"curies":[{"name":"wp","href":"https:\/\/api.w.org\/{rel}","templated":true}]}}