{"id":8339,"date":"2025-10-16T08:03:19","date_gmt":"2025-10-16T08:03:19","guid":{"rendered":"https:\/\/www.abchukuk.com\/index.php\/2025\/10\/16\/igdirda-gozaltina-alinan-gazeteciyi-goruntuleyen-gazeteci-de-gozaltina-alindi\/"},"modified":"2025-10-16T08:03:19","modified_gmt":"2025-10-16T08:03:19","slug":"igdirda-gozaltina-alinan-gazeteciyi-goruntuleyen-gazeteci-de-gozaltina-alindi","status":"publish","type":"post","link":"https:\/\/www.abchukuk.com\/index.php\/2025\/10\/16\/igdirda-gozaltina-alinan-gazeteciyi-goruntuleyen-gazeteci-de-gozaltina-alindi\/","title":{"rendered":"I\u011fd\u0131r&#8217;da G\u00f6zalt\u0131na Al\u0131nan Gazeteciyi G\u00f6r\u00fcnt\u00fcleyen Gazeteci de G\u00f6zalt\u0131na Al\u0131nd\u0131"},"content":{"rendered":"<p><a href=\"https:\/\/www.gercekgundem.com\/guncel\/igdirda-gozaltina-alinan-gazeteciyi-goruntuleyen-gazeteci-de-gozaltina-alindi-560016\"><br \/>\n                                                            <img decoding=\"async\" src=\"https:\/\/i.gercekgundem.com\/2\/150\/84\/storage\/files\/images\/2025\/10\/16\/igdirda-gozaltina-alinan-gazeteciyi-goruntuleyen-gazeteci-de-gozaltina-alindi-tbi8.jpg\" width=\"150\" height=\"84\" border=\"0\" align=\"right\" \/><br \/>\n                                                    <\/a><\/p>\n<h4>I\u011fd\u0131r&#8217;da yapt\u0131\u011f\u0131 haber nedeniyle g\u00f6zalt\u0131na al\u0131nan gazeteciyi g\u00f6r\u00fcnt\u00fcleyen bir ba\u015fka gazeteci de g\u00f6zalt\u0131na al\u0131nd\u0131. I\u011fd\u0131r \u00c7al\u0131\u015fan Gazeteciler Cemiyeti konuya ili\u015fkin yapt\u0131\u011f\u0131 a\u00e7\u0131klamada, \u201cI\u011fd\u0131r \u00c7al\u0131\u015fan Gazeteciler Cemiyeti olarak, meslekta\u015flar\u0131m\u0131z Sebahattin Yum ve Ercan Tun\u00e7&#8217;un yan\u0131nda oldu\u011fumuzu, olay\u0131n t\u00fcm y\u00f6nleriyle a\u00e7\u0131kl\u0131\u011fa kavu\u015fturulmas\u0131n\u0131 ve benzer durumlar\u0131n bir daha ya\u015fanmamas\u0131 i\u00e7in gerekli ad\u0131mlar\u0131n at\u0131lmas\u0131n\u0131 talep ediyoruz&#8221; denildi.<\/h4>\n<p>I\u011fd\u0131r&#8217;da yapt\u0131\u011f\u0131 haber nedeniyle g\u00f6zalt\u0131na al\u0131nan gazeteciyi g\u00f6r\u00fcnt\u00fcleyen bir ba\u015fka gazeteci de g\u00f6zalt\u0131na al\u0131nd\u0131. I\u011fd\u0131r \u00c7al\u0131\u015fan Gazeteciler Cemiyeti konuya ili\u015fkin yapt\u0131\u011f\u0131 a\u00e7\u0131klamada, \u201cI\u011fd\u0131r \u00c7al\u0131\u015fan Gazeteciler Cemiyeti olarak, meslekta\u015flar\u0131m\u0131z Sebahattin Yum ve Ercan Tun\u00e7&#8217;un yan\u0131nda oldu\u011fumuzu, olay\u0131n t\u00fcm y\u00f6nleriyle a\u00e7\u0131kl\u0131\u011fa kavu\u015fturulmas\u0131n\u0131 ve benzer durumlar\u0131n bir daha ya\u015fanmamas\u0131 i\u00e7in gerekli ad\u0131mlar\u0131n at\u0131lmas\u0131n\u0131 talep ediyoruz&#8221; denildi.\u00a0<a href=\"https:\/\/www.gercekgundem.com\/guncel\/igdirda-gozaltina-alinan-gazeteciyi-goruntuleyen-gazeteci-de-gozaltina-alindi-560016\" target=\"_blank\" class=\"feedzy-rss-link-icon\">Read More<\/a><\/p>","protected":false},"excerpt":{"rendered":"<p>I\u011fd\u0131r&#8217;da yapt\u0131\u011f\u0131 haber nedeniyle g\u00f6zalt\u0131na al\u0131nan gazeteciyi g\u00f6r\u00fcnt\u00fcleyen bir ba\u015fka gazeteci de g\u00f6zalt\u0131na al\u0131nd\u0131. I\u011fd\u0131r \u00c7al\u0131\u015fan Gazeteciler Cemiyeti konuya ili\u015fkin yapt\u0131\u011f\u0131 a\u00e7\u0131klamada, \u201cI\u011fd\u0131r \u00c7al\u0131\u015fan Gazeteciler Cemiyeti olarak, meslekta\u015flar\u0131m\u0131z Sebahattin Yum ve Ercan Tun\u00e7&#8217;un yan\u0131nda oldu\u011fumuzu, olay\u0131n t\u00fcm y\u00f6nleriyle a\u00e7\u0131kl\u0131\u011fa kavu\u015fturulmas\u0131n\u0131 ve benzer durumlar\u0131n bir daha ya\u015fanmamas\u0131 i\u00e7in gerekli ad\u0131mlar\u0131n at\u0131lmas\u0131n\u0131 talep ediyoruz&#8221; denildi. I\u011fd\u0131r&#8217;da yapt\u0131\u011f\u0131 [&hellip;]<\/p>\n","protected":false},"author":1,"featured_media":8340,"comment_status":"open","ping_status":"open","sticky":false,"template":"","format":"standard","meta":{"footnotes":"","_links_to":"","_links_to_target":""},"categories":[1],"tags":[],"class_list":["post-8339","post","type-post","status-publish","format-standard","has-post-thumbnail","hentry","category-haberler"],"_links":{"self":[{"href":"https:\/\/www.abchukuk.com\/index.php\/wp-json\/wp\/v2\/posts\/8339","targetHints":{"allow":["GET"]}}],"collection":[{"href":"https:\/\/www.abchukuk.com\/index.php\/wp-json\/wp\/v2\/posts"}],"about":[{"href":"https:\/\/www.abchukuk.com\/index.php\/wp-json\/wp\/v2\/types\/post"}],"author":[{"embeddable":true,"href":"https:\/\/www.abchukuk.com\/index.php\/wp-json\/wp\/v2\/users\/1"}],"replies":[{"embeddable":true,"href":"https:\/\/www.abchukuk.com\/index.php\/wp-json\/wp\/v2\/comments?post=8339"}],"version-history":[{"count":0,"href":"https:\/\/www.abchukuk.com\/index.php\/wp-json\/wp\/v2\/posts\/8339\/revisions"}],"wp:featuredmedia":[{"embeddable":true,"href":"https:\/\/www.abchukuk.com\/index.php\/wp-json\/wp\/v2\/media\/8340"}],"wp:attachment":[{"href":"https:\/\/www.abchukuk.com\/index.php\/wp-json\/wp\/v2\/media?parent=8339"}],"wp:term":[{"taxonomy":"category","embeddable":true,"href":"https:\/\/www.abchukuk.com\/index.php\/wp-json\/wp\/v2\/categories?post=8339"},{"taxonomy":"post_tag","embeddable":true,"href":"https:\/\/www.abchukuk.com\/index.php\/wp-json\/wp\/v2\/tags?post=8339"}],"curies":[{"name":"wp","href":"https:\/\/api.w.org\/{rel}","templated":true}]}}