{"id":8284,"date":"2025-10-15T19:24:46","date_gmt":"2025-10-15T19:24:46","guid":{"rendered":"https:\/\/www.abchukuk.com\/index.php\/2025\/10\/15\/istanbul-bassavcisi-gurlekten-anadolu-adliyesine-ziyaret\/"},"modified":"2025-10-15T19:24:46","modified_gmt":"2025-10-15T19:24:46","slug":"istanbul-bassavcisi-gurlekten-anadolu-adliyesine-ziyaret","status":"publish","type":"post","link":"https:\/\/www.abchukuk.com\/index.php\/2025\/10\/15\/istanbul-bassavcisi-gurlekten-anadolu-adliyesine-ziyaret\/","title":{"rendered":"\u0130stanbul Ba\u015fsavc\u0131s\u0131 G\u00fcrlek\u2019ten Anadolu Adliyesi\u2019ne ziyaret"},"content":{"rendered":"<p>\u0130stanbul Cumhuriyet Ba\u015fsavc\u0131s\u0131 Ak\u0131n G\u00fcrlek, g\u00f6revine yeni ba\u015flayan \u0130stanbul Anadolu Cumhuriyet Ba\u015fsavc\u0131s\u0131 Fatih D\u00f6nmez\u2019e hay\u0131rl\u0131 olsun ziyaretinde bulundu. Ziyarette, \u0130stanbul Cumhuriyet Ba\u015fsavc\u0131 Vekili Can Tuncay da yer ald\u0131.<\/p>\n<p>Ba\u015fsavc\u0131 G\u00fcrlek, Ba\u015fsavc\u0131 vekili Can Tuncay ile birlikte yapt\u0131\u011f\u0131 ziyarette D\u00f6nmez\u2019e yeni g\u00f6revinde ba\u015far\u0131 dileklerini iletti.<\/p>\n<p>\u0130stanbul Cumhuriyet Ba\u015fsavc\u0131l\u0131\u011f\u0131 \u00d6rg\u00fctl\u00fc Su\u00e7lar Soru\u015fturma B\u00fcrosu Ba\u015fsavc\u0131 Vekili olan Fatih D\u00f6nmez k\u0131sa s\u00fcre \u00f6nce HSK 1. Dairesi karar\u0131yla \u0130stanbul Anadolu Adliyesine Cumhuriyet Ba\u015fsavc\u0131s\u0131 olarak atanm\u0131\u015ft\u0131.<\/p>\n<p>\u00a0<\/p>\n<p>\u0130stanbul Cumhuriyet Ba\u015fsavc\u0131s\u0131 Ak\u0131n G\u00fcrlek, Ba\u015fsavc\u0131 Vekili Can Tuncay ile birlikte \u0130stanbul Anadolu Cumhuriyet Ba\u015fsavc\u0131s\u0131 Fatih D\u00f6nmez\u2019e hay\u0131rl\u0131 olsun ziyaretinde bulunarak yeni g\u00f6revinde ba\u015far\u0131lar diledi.\u00a0<a href=\"https:\/\/www.son.tv\/istanbul-bassavcisi-gurlekten-anadolu-adliyesine-ziyaret\/\" target=\"_blank\" class=\"feedzy-rss-link-icon\">Read More<\/a><\/p>","protected":false},"excerpt":{"rendered":"<p>\u0130stanbul Cumhuriyet Ba\u015fsavc\u0131s\u0131 Ak\u0131n G\u00fcrlek, g\u00f6revine yeni ba\u015flayan \u0130stanbul Anadolu Cumhuriyet Ba\u015fsavc\u0131s\u0131 Fatih D\u00f6nmez\u2019e hay\u0131rl\u0131 olsun ziyaretinde bulundu. Ziyarette, \u0130stanbul Cumhuriyet Ba\u015fsavc\u0131 Vekili Can Tuncay da yer ald\u0131. Ba\u015fsavc\u0131 G\u00fcrlek, Ba\u015fsavc\u0131 vekili Can Tuncay ile birlikte yapt\u0131\u011f\u0131 ziyarette D\u00f6nmez\u2019e yeni g\u00f6revinde ba\u015far\u0131 dileklerini iletti. \u0130stanbul Cumhuriyet Ba\u015fsavc\u0131l\u0131\u011f\u0131 \u00d6rg\u00fctl\u00fc Su\u00e7lar Soru\u015fturma B\u00fcrosu Ba\u015fsavc\u0131 Vekili olan Fatih [&hellip;]<\/p>\n","protected":false},"author":1,"featured_media":0,"comment_status":"open","ping_status":"open","sticky":false,"template":"","format":"standard","meta":{"footnotes":"","_links_to":"","_links_to_target":""},"categories":[1],"tags":[],"class_list":["post-8284","post","type-post","status-publish","format-standard","hentry","category-haberler"],"_links":{"self":[{"href":"https:\/\/www.abchukuk.com\/index.php\/wp-json\/wp\/v2\/posts\/8284","targetHints":{"allow":["GET"]}}],"collection":[{"href":"https:\/\/www.abchukuk.com\/index.php\/wp-json\/wp\/v2\/posts"}],"about":[{"href":"https:\/\/www.abchukuk.com\/index.php\/wp-json\/wp\/v2\/types\/post"}],"author":[{"embeddable":true,"href":"https:\/\/www.abchukuk.com\/index.php\/wp-json\/wp\/v2\/users\/1"}],"replies":[{"embeddable":true,"href":"https:\/\/www.abchukuk.com\/index.php\/wp-json\/wp\/v2\/comments?post=8284"}],"version-history":[{"count":0,"href":"https:\/\/www.abchukuk.com\/index.php\/wp-json\/wp\/v2\/posts\/8284\/revisions"}],"wp:attachment":[{"href":"https:\/\/www.abchukuk.com\/index.php\/wp-json\/wp\/v2\/media?parent=8284"}],"wp:term":[{"taxonomy":"category","embeddable":true,"href":"https:\/\/www.abchukuk.com\/index.php\/wp-json\/wp\/v2\/categories?post=8284"},{"taxonomy":"post_tag","embeddable":true,"href":"https:\/\/www.abchukuk.com\/index.php\/wp-json\/wp\/v2\/tags?post=8284"}],"curies":[{"name":"wp","href":"https:\/\/api.w.org\/{rel}","templated":true}]}}