{"id":8119,"date":"2025-10-14T01:00:00","date_gmt":"2025-10-14T01:00:00","guid":{"rendered":"https:\/\/www.abchukuk.com\/index.php\/2025\/10\/14\/sigorta-policelerinde-rekor-artis-hukuksal-koruma-yuzde-393-yukseldi\/"},"modified":"2025-10-14T01:00:00","modified_gmt":"2025-10-14T01:00:00","slug":"sigorta-policelerinde-rekor-artis-hukuksal-koruma-yuzde-393-yukseldi","status":"publish","type":"post","link":"https:\/\/www.abchukuk.com\/index.php\/2025\/10\/14\/sigorta-policelerinde-rekor-artis-hukuksal-koruma-yuzde-393-yukseldi\/","title":{"rendered":"Sigorta poli\u00e7elerinde rekor art\u0131\u015f: Hukuksal koruma y\u00fczde 393 y\u00fckseldi"},"content":{"rendered":"<p>T\u00fcrkiye Sigorta Birli\u011fi verilerine g\u00f6re hayatd\u0131\u015f\u0131 sigorta bran\u015f\u0131nda y\u0131l\u0131n ilk yar\u0131s\u0131nda poli\u00e7e say\u0131s\u0131 y\u00fczde 22.7 artt\u0131. Hukuksal koruma sigortas\u0131 1 milyon 660 bin adede \u00e7\u0131karak y\u00fczde 393\u2019l\u00fck art\u0131\u015fla \u00f6ne \u00e7\u0131kt\u0131. Sa\u011fl\u0131kta art\u0131\u015f y\u00fczde 59.9, kaskoda y\u00fczde 18.7 oldu.T\u00fcrkiye Sigorta Birli\u011fi verilerine g\u00f6re hayatd\u0131\u015f\u0131 sigorta bran\u015f\u0131nda y\u0131l\u0131n ilk yar\u0131s\u0131nda poli\u00e7e say\u0131s\u0131 y\u00fczde 22.7 artt\u0131. Hukuksal koruma sigortas\u0131 1 milyon 660 bin adede \u00e7\u0131karak y\u00fczde 393\u2019l\u00fck art\u0131\u015fla \u00f6ne \u00e7\u0131kt\u0131. Sa\u011fl\u0131kta art\u0131\u015f y\u00fczde 59.9, kaskoda y\u00fczde 18.7 oldu.\u00a0<a href=\"https:\/\/www.cumhuriyet.com.tr\/turkiye\/sigorta-policelerinde-rekor-artis-hukuksal-koruma-yuzde-393-yukseldi-2443399\" target=\"_blank\" class=\"feedzy-rss-link-icon\">Read More<\/a><\/p>","protected":false},"excerpt":{"rendered":"<p>T\u00fcrkiye Sigorta Birli\u011fi verilerine g\u00f6re hayatd\u0131\u015f\u0131 sigorta bran\u015f\u0131nda y\u0131l\u0131n ilk yar\u0131s\u0131nda poli\u00e7e say\u0131s\u0131 y\u00fczde 22.7 artt\u0131. Hukuksal koruma sigortas\u0131 1 milyon 660 bin adede \u00e7\u0131karak y\u00fczde 393\u2019l\u00fck art\u0131\u015fla \u00f6ne \u00e7\u0131kt\u0131. Sa\u011fl\u0131kta art\u0131\u015f y\u00fczde 59.9, kaskoda y\u00fczde 18.7 oldu.T\u00fcrkiye Sigorta Birli\u011fi verilerine g\u00f6re hayatd\u0131\u015f\u0131 sigorta bran\u015f\u0131nda y\u0131l\u0131n ilk yar\u0131s\u0131nda poli\u00e7e say\u0131s\u0131 y\u00fczde 22.7 artt\u0131. Hukuksal koruma [&hellip;]<\/p>\n","protected":false},"author":1,"featured_media":8120,"comment_status":"open","ping_status":"open","sticky":false,"template":"","format":"standard","meta":{"footnotes":"","_links_to":"","_links_to_target":""},"categories":[1],"tags":[],"class_list":["post-8119","post","type-post","status-publish","format-standard","has-post-thumbnail","hentry","category-haberler"],"_links":{"self":[{"href":"https:\/\/www.abchukuk.com\/index.php\/wp-json\/wp\/v2\/posts\/8119","targetHints":{"allow":["GET"]}}],"collection":[{"href":"https:\/\/www.abchukuk.com\/index.php\/wp-json\/wp\/v2\/posts"}],"about":[{"href":"https:\/\/www.abchukuk.com\/index.php\/wp-json\/wp\/v2\/types\/post"}],"author":[{"embeddable":true,"href":"https:\/\/www.abchukuk.com\/index.php\/wp-json\/wp\/v2\/users\/1"}],"replies":[{"embeddable":true,"href":"https:\/\/www.abchukuk.com\/index.php\/wp-json\/wp\/v2\/comments?post=8119"}],"version-history":[{"count":0,"href":"https:\/\/www.abchukuk.com\/index.php\/wp-json\/wp\/v2\/posts\/8119\/revisions"}],"wp:featuredmedia":[{"embeddable":true,"href":"https:\/\/www.abchukuk.com\/index.php\/wp-json\/wp\/v2\/media\/8120"}],"wp:attachment":[{"href":"https:\/\/www.abchukuk.com\/index.php\/wp-json\/wp\/v2\/media?parent=8119"}],"wp:term":[{"taxonomy":"category","embeddable":true,"href":"https:\/\/www.abchukuk.com\/index.php\/wp-json\/wp\/v2\/categories?post=8119"},{"taxonomy":"post_tag","embeddable":true,"href":"https:\/\/www.abchukuk.com\/index.php\/wp-json\/wp\/v2\/tags?post=8119"}],"curies":[{"name":"wp","href":"https:\/\/api.w.org\/{rel}","templated":true}]}}