{"id":7494,"date":"2025-10-07T07:39:00","date_gmt":"2025-10-07T07:39:00","guid":{"rendered":"https:\/\/www.abchukuk.com\/index.php\/2025\/10\/07\/akin-gurlek-ibb-sorusturmalarini-yuruten-fatih-donmeze-tesekkur-etti-anadolu-adliyesinde-de-gorevine-devam-edecek\/"},"modified":"2025-10-07T07:39:00","modified_gmt":"2025-10-07T07:39:00","slug":"akin-gurlek-ibb-sorusturmalarini-yuruten-fatih-donmeze-tesekkur-etti-anadolu-adliyesinde-de-gorevine-devam-edecek","status":"publish","type":"post","link":"https:\/\/www.abchukuk.com\/index.php\/2025\/10\/07\/akin-gurlek-ibb-sorusturmalarini-yuruten-fatih-donmeze-tesekkur-etti-anadolu-adliyesinde-de-gorevine-devam-edecek\/","title":{"rendered":"Ak\u0131n G\u00fcrlek, \u0130BB soru\u015fturmalar\u0131n\u0131 y\u00fcr\u00fcten Fatih D\u00f6nmez&#8217;e te\u015fekk\u00fcr etti: &#8216;Anadolu Adliyesi&#8217;nde de g\u00f6revine devam edecek&#8217;"},"content":{"rendered":"<p>HSK Birinci Dairesince, Ak\u0131n G\u00fcrlek&#8217;in &#8216;vekili&#8217; Fatih D\u00f6nmez, Anadolu Cumhuriyet Ba\u015fsavc\u0131s\u0131 olarak atanm\u0131\u015ft\u0131. \u00c7a\u011flayan Adliyesi\u2019nde d\u00fczenlenen t\u00f6rende konu\u015fan \u0130stanbul Cumhuriyet Ba\u015fsavc\u0131s\u0131 G\u00fcrlek, \u201c\u00d6zellikle zorlu s\u00fcre\u00e7te Fatih D\u00f6nmez\u00a0Ba\u015fsavc\u0131 Vekilimize, g\u00f6stermi\u015f\u00a0oldu\u011fu emek i\u00e7in ger\u00e7ekten te\u015fekk\u00fcr ediyorum. \u0130n\u015fallah Anadolu Adliyesi&#8217;nde de g\u00f6revine devam edecek\u201d dedi. \u00d6rg\u00fctl\u00fc Su\u00e7lar Soru\u015fturma B\u00fcrosu\u2019ndan sorumlu \u0130stanbul Cumhuriyet Ba\u015fsavc\u0131 vekili D\u00f6nmez ayn\u0131 zamanda \u0130BB\u2019ye y\u00f6nelik soru\u015fturmay\u0131 da y\u00fcr\u00fct\u00fcyordu.HSK Birinci Dairesince, Ak\u0131n G\u00fcrlek&#8217;in &#8216;vekili&#8217; Fatih D\u00f6nmez, Anadolu Cumhuriyet Ba\u015fsavc\u0131s\u0131 olarak atanm\u0131\u015ft\u0131. \u00c7a\u011flayan Adliyesi\u2019nde d\u00fczenlenen t\u00f6rende konu\u015fan \u0130stanbul Cumhuriyet Ba\u015fsavc\u0131s\u0131 G\u00fcrlek, \u201c\u00d6zellikle zorlu s\u00fcre\u00e7te Fatih D\u00f6nmez\u00a0Ba\u015fsavc\u0131 Vekilimize, g\u00f6stermi\u015f\u00a0oldu\u011fu emek i\u00e7in ger\u00e7ekten te\u015fekk\u00fcr ediyorum. \u0130n\u015fallah Anadolu Adliyesi&#8217;nde de g\u00f6revine devam edecek\u201d dedi. \u00d6rg\u00fctl\u00fc Su\u00e7lar Soru\u015fturma B\u00fcrosu\u2019ndan sorumlu \u0130stanbul Cumhuriyet Ba\u015fsavc\u0131 vekili D\u00f6nmez ayn\u0131 zamanda \u0130BB\u2019ye y\u00f6nelik soru\u015fturmay\u0131 da y\u00fcr\u00fct\u00fcyordu.\u00a0<a href=\"https:\/\/www.cumhuriyet.com.tr\/siyaset\/akin-gurlek-ibb-sorusturmalarini-yuruten-fatih-donmez-e-tesekkur-etti-anadolu-adliyesi-nde-de-gorevine-devam-edecek-2441448\" target=\"_blank\" class=\"feedzy-rss-link-icon\">Read More<\/a><\/p>","protected":false},"excerpt":{"rendered":"<p>HSK Birinci Dairesince, Ak\u0131n G\u00fcrlek&#8217;in &#8216;vekili&#8217; Fatih D\u00f6nmez, Anadolu Cumhuriyet Ba\u015fsavc\u0131s\u0131 olarak atanm\u0131\u015ft\u0131. \u00c7a\u011flayan Adliyesi\u2019nde d\u00fczenlenen t\u00f6rende konu\u015fan \u0130stanbul Cumhuriyet Ba\u015fsavc\u0131s\u0131 G\u00fcrlek, \u201c\u00d6zellikle zorlu s\u00fcre\u00e7te Fatih D\u00f6nmez\u00a0Ba\u015fsavc\u0131 Vekilimize, g\u00f6stermi\u015f\u00a0oldu\u011fu emek i\u00e7in ger\u00e7ekten te\u015fekk\u00fcr ediyorum. \u0130n\u015fallah Anadolu Adliyesi&#8217;nde de g\u00f6revine devam edecek\u201d dedi. \u00d6rg\u00fctl\u00fc Su\u00e7lar Soru\u015fturma B\u00fcrosu\u2019ndan sorumlu \u0130stanbul Cumhuriyet Ba\u015fsavc\u0131 vekili D\u00f6nmez ayn\u0131 zamanda \u0130BB\u2019ye [&hellip;]<\/p>\n","protected":false},"author":1,"featured_media":7495,"comment_status":"open","ping_status":"open","sticky":false,"template":"","format":"standard","meta":{"footnotes":"","_links_to":"","_links_to_target":""},"categories":[1],"tags":[],"class_list":["post-7494","post","type-post","status-publish","format-standard","has-post-thumbnail","hentry","category-haberler"],"_links":{"self":[{"href":"https:\/\/www.abchukuk.com\/index.php\/wp-json\/wp\/v2\/posts\/7494","targetHints":{"allow":["GET"]}}],"collection":[{"href":"https:\/\/www.abchukuk.com\/index.php\/wp-json\/wp\/v2\/posts"}],"about":[{"href":"https:\/\/www.abchukuk.com\/index.php\/wp-json\/wp\/v2\/types\/post"}],"author":[{"embeddable":true,"href":"https:\/\/www.abchukuk.com\/index.php\/wp-json\/wp\/v2\/users\/1"}],"replies":[{"embeddable":true,"href":"https:\/\/www.abchukuk.com\/index.php\/wp-json\/wp\/v2\/comments?post=7494"}],"version-history":[{"count":0,"href":"https:\/\/www.abchukuk.com\/index.php\/wp-json\/wp\/v2\/posts\/7494\/revisions"}],"wp:featuredmedia":[{"embeddable":true,"href":"https:\/\/www.abchukuk.com\/index.php\/wp-json\/wp\/v2\/media\/7495"}],"wp:attachment":[{"href":"https:\/\/www.abchukuk.com\/index.php\/wp-json\/wp\/v2\/media?parent=7494"}],"wp:term":[{"taxonomy":"category","embeddable":true,"href":"https:\/\/www.abchukuk.com\/index.php\/wp-json\/wp\/v2\/categories?post=7494"},{"taxonomy":"post_tag","embeddable":true,"href":"https:\/\/www.abchukuk.com\/index.php\/wp-json\/wp\/v2\/tags?post=7494"}],"curies":[{"name":"wp","href":"https:\/\/api.w.org\/{rel}","templated":true}]}}