{"id":7433,"date":"2025-10-07T01:00:00","date_gmt":"2025-10-07T01:00:00","guid":{"rendered":"https:\/\/www.abchukuk.com\/index.php\/2025\/10\/07\/19-martta-baslayan-yargi-kiskacinda-tutuklamalari-cezaevlerindeki-hak-ihlalleri-izledi-200-gunluk-tutsaklik\/"},"modified":"2025-10-07T01:00:00","modified_gmt":"2025-10-07T01:00:00","slug":"19-martta-baslayan-yargi-kiskacinda-tutuklamalari-cezaevlerindeki-hak-ihlalleri-izledi-200-gunluk-tutsaklik","status":"publish","type":"post","link":"https:\/\/www.abchukuk.com\/index.php\/2025\/10\/07\/19-martta-baslayan-yargi-kiskacinda-tutuklamalari-cezaevlerindeki-hak-ihlalleri-izledi-200-gunluk-tutsaklik\/","title":{"rendered":"19 Mart\u2019ta ba\u015flayan \u2019yarg\u0131 k\u0131skac\u0131\u2019nda tutuklamalar\u0131, cezaevlerindeki hak ihlalleri izledi: 200 g\u00fcnl\u00fck tutsakl\u0131k"},"content":{"rendered":"<p>CHP&#8217;li \u0130BB ve baz\u0131 il\u00e7e belediyelere y\u00f6nelik 19 Mart\u2019ta ba\u015flayan soru\u015fturmada iddianamenin \u00f6n\u00fcm\u00fczdeki g\u00fcnlerde haz\u0131rlanaca\u011f\u0131 belirtiliyor. Se\u00e7ilmi\u015f \u0130BB Ba\u015fkan\u0131 Ekrem \u0130mamo\u011flu ba\u015fta olmak \u00fczere belediye ba\u015fkanlar\u0131 200 g\u00fcnd\u00fcr cezaevinde mahkemeye \u00e7\u0131kmay\u0131 bekliyor.CHP&#8217;li \u0130BB ve baz\u0131 il\u00e7e belediyelere y\u00f6nelik 19 Mart\u2019ta ba\u015flayan soru\u015fturmada iddianamenin \u00f6n\u00fcm\u00fczdeki g\u00fcnlerde haz\u0131rlanaca\u011f\u0131 belirtiliyor. Se\u00e7ilmi\u015f \u0130BB Ba\u015fkan\u0131 Ekrem \u0130mamo\u011flu ba\u015fta olmak \u00fczere belediye ba\u015fkanlar\u0131 200 g\u00fcnd\u00fcr cezaevinde mahkemeye \u00e7\u0131kmay\u0131 bekliyor.\u00a0<a href=\"https:\/\/www.cumhuriyet.com.tr\/turkiye\/19-mart-ta-baslayan-yargi-kiskaci-nda-tutuklamalari-cezaevlerindeki-hak-ihlalleri-izledi-200-gunluk-tutsaklik-2441378\" target=\"_blank\" class=\"feedzy-rss-link-icon\">Read More<\/a><\/p>","protected":false},"excerpt":{"rendered":"<p>CHP&#8217;li \u0130BB ve baz\u0131 il\u00e7e belediyelere y\u00f6nelik 19 Mart\u2019ta ba\u015flayan soru\u015fturmada iddianamenin \u00f6n\u00fcm\u00fczdeki g\u00fcnlerde haz\u0131rlanaca\u011f\u0131 belirtiliyor. Se\u00e7ilmi\u015f \u0130BB Ba\u015fkan\u0131 Ekrem \u0130mamo\u011flu ba\u015fta olmak \u00fczere belediye ba\u015fkanlar\u0131 200 g\u00fcnd\u00fcr cezaevinde mahkemeye \u00e7\u0131kmay\u0131 bekliyor.CHP&#8217;li \u0130BB ve baz\u0131 il\u00e7e belediyelere y\u00f6nelik 19 Mart\u2019ta ba\u015flayan soru\u015fturmada iddianamenin \u00f6n\u00fcm\u00fczdeki g\u00fcnlerde haz\u0131rlanaca\u011f\u0131 belirtiliyor. Se\u00e7ilmi\u015f \u0130BB Ba\u015fkan\u0131 Ekrem \u0130mamo\u011flu ba\u015fta olmak \u00fczere [&hellip;]<\/p>\n","protected":false},"author":1,"featured_media":7434,"comment_status":"open","ping_status":"open","sticky":false,"template":"","format":"standard","meta":{"footnotes":"","_links_to":"","_links_to_target":""},"categories":[1],"tags":[],"class_list":["post-7433","post","type-post","status-publish","format-standard","has-post-thumbnail","hentry","category-haberler"],"_links":{"self":[{"href":"https:\/\/www.abchukuk.com\/index.php\/wp-json\/wp\/v2\/posts\/7433","targetHints":{"allow":["GET"]}}],"collection":[{"href":"https:\/\/www.abchukuk.com\/index.php\/wp-json\/wp\/v2\/posts"}],"about":[{"href":"https:\/\/www.abchukuk.com\/index.php\/wp-json\/wp\/v2\/types\/post"}],"author":[{"embeddable":true,"href":"https:\/\/www.abchukuk.com\/index.php\/wp-json\/wp\/v2\/users\/1"}],"replies":[{"embeddable":true,"href":"https:\/\/www.abchukuk.com\/index.php\/wp-json\/wp\/v2\/comments?post=7433"}],"version-history":[{"count":0,"href":"https:\/\/www.abchukuk.com\/index.php\/wp-json\/wp\/v2\/posts\/7433\/revisions"}],"wp:featuredmedia":[{"embeddable":true,"href":"https:\/\/www.abchukuk.com\/index.php\/wp-json\/wp\/v2\/media\/7434"}],"wp:attachment":[{"href":"https:\/\/www.abchukuk.com\/index.php\/wp-json\/wp\/v2\/media?parent=7433"}],"wp:term":[{"taxonomy":"category","embeddable":true,"href":"https:\/\/www.abchukuk.com\/index.php\/wp-json\/wp\/v2\/categories?post=7433"},{"taxonomy":"post_tag","embeddable":true,"href":"https:\/\/www.abchukuk.com\/index.php\/wp-json\/wp\/v2\/tags?post=7433"}],"curies":[{"name":"wp","href":"https:\/\/api.w.org\/{rel}","templated":true}]}}