{"id":7428,"date":"2025-10-06T22:35:00","date_gmt":"2025-10-06T22:35:00","guid":{"rendered":"https:\/\/www.abchukuk.com\/index.php\/2025\/10\/06\/yargitayin-bozdugu-28-subat-davasinda-karar-cikti\/"},"modified":"2025-10-06T22:35:00","modified_gmt":"2025-10-06T22:35:00","slug":"yargitayin-bozdugu-28-subat-davasinda-karar-cikti","status":"publish","type":"post","link":"https:\/\/www.abchukuk.com\/index.php\/2025\/10\/06\/yargitayin-bozdugu-28-subat-davasinda-karar-cikti\/","title":{"rendered":"Yarg\u0131tay\u2019\u0131n Bozdu\u011fu 28 \u015eubat Davas\u0131nda Karar \u00c7\u0131kt\u0131!"},"content":{"rendered":"<p><a href=\"https:\/\/www.gercekgundem.com\/dunya\/yargitayin-bozdugu-28-subat-davasinda-karar-cikti-558593\"><br \/>\n                                                            <img decoding=\"async\" src=\"https:\/\/i.gercekgundem.com\/2\/150\/84\/storage\/files\/images\/2025\/10\/07\/yargitayin-bozdugu-28-subat-davasinda-yeni-karar-cikti-eork.jpg\" width=\"150\" height=\"84\" border=\"0\" align=\"right\" \/><br \/>\n                                                    <\/a><\/p>\n<h4>Yarg\u0131tay\u2019\u0131n bozma karar\u0131n\u0131n ard\u0131ndan 28 \u015eubat davas\u0131 yeniden g\u00f6r\u00fcld\u00fc. Mahkeme, 13 san\u0131\u011f\u0131 &#8216;darbe giri\u015fimine yard\u0131m&#8217; su\u00e7undan 18\u2019er y\u0131l hapse mahkum etti.<\/h4>\n<p>Yarg\u0131tay\u2019\u0131n bozma karar\u0131n\u0131n ard\u0131ndan 28 \u015eubat davas\u0131 yeniden g\u00f6r\u00fcld\u00fc. Mahkeme, 13 san\u0131\u011f\u0131 &#8216;darbe giri\u015fimine yard\u0131m&#8217; su\u00e7undan 18\u2019er y\u0131l hapse mahkum etti.\u00a0<a href=\"https:\/\/www.gercekgundem.com\/dunya\/yargitayin-bozdugu-28-subat-davasinda-karar-cikti-558593\" target=\"_blank\" class=\"feedzy-rss-link-icon\">Read More<\/a><\/p>","protected":false},"excerpt":{"rendered":"<p>Yarg\u0131tay\u2019\u0131n bozma karar\u0131n\u0131n ard\u0131ndan 28 \u015eubat davas\u0131 yeniden g\u00f6r\u00fcld\u00fc. Mahkeme, 13 san\u0131\u011f\u0131 &#8216;darbe giri\u015fimine yard\u0131m&#8217; su\u00e7undan 18\u2019er y\u0131l hapse mahkum etti. Yarg\u0131tay\u2019\u0131n bozma karar\u0131n\u0131n ard\u0131ndan 28 \u015eubat davas\u0131 yeniden g\u00f6r\u00fcld\u00fc. Mahkeme, 13 san\u0131\u011f\u0131 &#8216;darbe giri\u015fimine yard\u0131m&#8217; su\u00e7undan 18\u2019er y\u0131l hapse mahkum etti.\u00a0Read More<\/p>\n","protected":false},"author":1,"featured_media":7429,"comment_status":"open","ping_status":"open","sticky":false,"template":"","format":"standard","meta":{"footnotes":"","_links_to":"","_links_to_target":""},"categories":[1],"tags":[],"class_list":["post-7428","post","type-post","status-publish","format-standard","has-post-thumbnail","hentry","category-haberler"],"_links":{"self":[{"href":"https:\/\/www.abchukuk.com\/index.php\/wp-json\/wp\/v2\/posts\/7428","targetHints":{"allow":["GET"]}}],"collection":[{"href":"https:\/\/www.abchukuk.com\/index.php\/wp-json\/wp\/v2\/posts"}],"about":[{"href":"https:\/\/www.abchukuk.com\/index.php\/wp-json\/wp\/v2\/types\/post"}],"author":[{"embeddable":true,"href":"https:\/\/www.abchukuk.com\/index.php\/wp-json\/wp\/v2\/users\/1"}],"replies":[{"embeddable":true,"href":"https:\/\/www.abchukuk.com\/index.php\/wp-json\/wp\/v2\/comments?post=7428"}],"version-history":[{"count":0,"href":"https:\/\/www.abchukuk.com\/index.php\/wp-json\/wp\/v2\/posts\/7428\/revisions"}],"wp:featuredmedia":[{"embeddable":true,"href":"https:\/\/www.abchukuk.com\/index.php\/wp-json\/wp\/v2\/media\/7429"}],"wp:attachment":[{"href":"https:\/\/www.abchukuk.com\/index.php\/wp-json\/wp\/v2\/media?parent=7428"}],"wp:term":[{"taxonomy":"category","embeddable":true,"href":"https:\/\/www.abchukuk.com\/index.php\/wp-json\/wp\/v2\/categories?post=7428"},{"taxonomy":"post_tag","embeddable":true,"href":"https:\/\/www.abchukuk.com\/index.php\/wp-json\/wp\/v2\/tags?post=7428"}],"curies":[{"name":"wp","href":"https:\/\/api.w.org\/{rel}","templated":true}]}}