{"id":7423,"date":"2025-10-06T21:25:08","date_gmt":"2025-10-06T21:25:08","guid":{"rendered":"https:\/\/www.abchukuk.com\/index.php\/2025\/10\/06\/saniklarin-yeniden-yargilandigi-28-subat-davasinda-karar-13-saniga-18er-yil-hapis-cezasi\/"},"modified":"2025-10-06T21:25:08","modified_gmt":"2025-10-06T21:25:08","slug":"saniklarin-yeniden-yargilandigi-28-subat-davasinda-karar-13-saniga-18er-yil-hapis-cezasi","status":"publish","type":"post","link":"https:\/\/www.abchukuk.com\/index.php\/2025\/10\/06\/saniklarin-yeniden-yargilandigi-28-subat-davasinda-karar-13-saniga-18er-yil-hapis-cezasi\/","title":{"rendered":"San\u0131klar\u0131n yeniden yarg\u0131land\u0131\u011f\u0131 28 \u015eubat davas\u0131nda karar: 13 san\u0131\u011fa 18&#8217;er y\u0131l hapis cezas\u0131"},"content":{"rendered":"<p>Emekli orgeneraller Orhan Y\u00f6ney ve \u015e\u00fckr\u00fc Sar\u0131\u0131\u015f\u0131k ile d\u00f6nemin Y\u00d6K Ba\u015fkan\u0131 Prof. Dr. Halil Kemal G\u00fcr\u00fcz&#8217;\u00fcn de aralar\u0131nda bulundu\u011fu 16 san\u0131\u011f\u0131n yeniden yarg\u0131land\u0131\u011f\u0131 28 \u015eubat davas\u0131nda karar a\u00e7\u0131kland\u0131. Mahkeme 13 san\u0131\u011fa &#8216;darbe giri\u015fimine yard\u0131m&#8217; su\u00e7undan 18&#8217;er y\u0131l hapis cezas\u0131 verdi.Emekli orgeneraller Orhan Y\u00f6ney ve \u015e\u00fckr\u00fc Sar\u0131\u0131\u015f\u0131k ile d\u00f6nemin Y\u00d6K Ba\u015fkan\u0131 Prof. Dr. Halil Kemal G\u00fcr\u00fcz&#8217;\u00fcn de aralar\u0131nda bulundu\u011fu 16 san\u0131\u011f\u0131n yeniden yarg\u0131land\u0131\u011f\u0131 28 \u015eubat davas\u0131nda karar a\u00e7\u0131kland\u0131. Mahkeme 13 san\u0131\u011fa &#8216;darbe giri\u015fimine yard\u0131m&#8217; su\u00e7undan 18&#8217;er y\u0131l hapis cezas\u0131 verdi.\u00a0<a href=\"https:\/\/anlatilaninotesi.com.tr\/20251007\/saniklarin-yeniden-yargilandigi-28-subat-davasinda-karar-13-saniga-18er-yil-hapis-cezasi--1099971190.html\" target=\"_blank\" class=\"feedzy-rss-link-icon\">Read More<\/a><\/p>","protected":false},"excerpt":{"rendered":"<p>Emekli orgeneraller Orhan Y\u00f6ney ve \u015e\u00fckr\u00fc Sar\u0131\u0131\u015f\u0131k ile d\u00f6nemin Y\u00d6K Ba\u015fkan\u0131 Prof. Dr. Halil Kemal G\u00fcr\u00fcz&#8217;\u00fcn de aralar\u0131nda bulundu\u011fu 16 san\u0131\u011f\u0131n yeniden yarg\u0131land\u0131\u011f\u0131 28 \u015eubat davas\u0131nda karar a\u00e7\u0131kland\u0131. Mahkeme 13 san\u0131\u011fa &#8216;darbe giri\u015fimine yard\u0131m&#8217; su\u00e7undan 18&#8217;er y\u0131l hapis cezas\u0131 verdi.Emekli orgeneraller Orhan Y\u00f6ney ve \u015e\u00fckr\u00fc Sar\u0131\u0131\u015f\u0131k ile d\u00f6nemin Y\u00d6K Ba\u015fkan\u0131 Prof. Dr. Halil Kemal G\u00fcr\u00fcz&#8217;\u00fcn [&hellip;]<\/p>\n","protected":false},"author":1,"featured_media":0,"comment_status":"open","ping_status":"open","sticky":false,"template":"","format":"standard","meta":{"footnotes":"","_links_to":"","_links_to_target":""},"categories":[1],"tags":[],"class_list":["post-7423","post","type-post","status-publish","format-standard","hentry","category-haberler"],"_links":{"self":[{"href":"https:\/\/www.abchukuk.com\/index.php\/wp-json\/wp\/v2\/posts\/7423","targetHints":{"allow":["GET"]}}],"collection":[{"href":"https:\/\/www.abchukuk.com\/index.php\/wp-json\/wp\/v2\/posts"}],"about":[{"href":"https:\/\/www.abchukuk.com\/index.php\/wp-json\/wp\/v2\/types\/post"}],"author":[{"embeddable":true,"href":"https:\/\/www.abchukuk.com\/index.php\/wp-json\/wp\/v2\/users\/1"}],"replies":[{"embeddable":true,"href":"https:\/\/www.abchukuk.com\/index.php\/wp-json\/wp\/v2\/comments?post=7423"}],"version-history":[{"count":0,"href":"https:\/\/www.abchukuk.com\/index.php\/wp-json\/wp\/v2\/posts\/7423\/revisions"}],"wp:attachment":[{"href":"https:\/\/www.abchukuk.com\/index.php\/wp-json\/wp\/v2\/media?parent=7423"}],"wp:term":[{"taxonomy":"category","embeddable":true,"href":"https:\/\/www.abchukuk.com\/index.php\/wp-json\/wp\/v2\/categories?post=7423"},{"taxonomy":"post_tag","embeddable":true,"href":"https:\/\/www.abchukuk.com\/index.php\/wp-json\/wp\/v2\/tags?post=7423"}],"curies":[{"name":"wp","href":"https:\/\/api.w.org\/{rel}","templated":true}]}}