{"id":7418,"date":"2025-10-06T21:48:00","date_gmt":"2025-10-06T21:48:00","guid":{"rendered":"https:\/\/www.abchukuk.com\/index.php\/2025\/10\/06\/yargitayin-bozma-kararinin-ardindan-yeniden-gorulen-28-subat-davasinda-karar-aciklandi\/"},"modified":"2025-10-06T21:48:00","modified_gmt":"2025-10-06T21:48:00","slug":"yargitayin-bozma-kararinin-ardindan-yeniden-gorulen-28-subat-davasinda-karar-aciklandi","status":"publish","type":"post","link":"https:\/\/www.abchukuk.com\/index.php\/2025\/10\/06\/yargitayin-bozma-kararinin-ardindan-yeniden-gorulen-28-subat-davasinda-karar-aciklandi\/","title":{"rendered":"Yarg\u0131tay\u2019\u0131n bozma karar\u0131n\u0131n ard\u0131ndan yeniden g\u00f6r\u00fclen 28 \u015eubat davas\u0131nda karar a\u00e7\u0131kland\u0131"},"content":{"rendered":"<p>Yarg\u0131tay\u2019\u0131n bozma karar\u0131n\u0131n ard\u0131ndan Ankara 5. A\u011f\u0131r Ceza Mahkemesi\u2019nde yeniden g\u00f6r\u00fclen 28 \u015eubat davas\u0131nda, emekli orgeneraller Orhan Y\u00f6ney, \u015e\u00fckr\u00fc Sar\u0131\u0131\u015f\u0131k ile d\u00f6nemin Y\u00d6K Ba\u015fkan\u0131 Prof. Dr. Halil Kemal G\u00fcr\u00fcz&#8217;\u00fcn de aralar\u0131nda bulundu\u011fu 13 san\u0131k hakk\u0131nda, &#8220;darbe giri\u015fimine yard\u0131m&#8221; su\u00e7undan 18&#8217;er y\u0131l hapis cezas\u0131 verildi.Yarg\u0131tay\u2019\u0131n bozma karar\u0131n\u0131n ard\u0131ndan Ankara 5. A\u011f\u0131r Ceza Mahkemesi\u2019nde yeniden g\u00f6r\u00fclen 28 \u015eubat davas\u0131nda, emekli orgeneraller Orhan Y\u00f6ney, \u015e\u00fckr\u00fc Sar\u0131\u0131\u015f\u0131k ile d\u00f6nemin Y\u00d6K Ba\u015fkan\u0131 Prof. Dr. Halil Kemal G\u00fcr\u00fcz&#8217;\u00fcn de aralar\u0131nda bulundu\u011fu 13 san\u0131k hakk\u0131nda, &#8220;darbe giri\u015fimine yard\u0131m&#8221; su\u00e7undan 18&#8217;er y\u0131l hapis cezas\u0131 verildi.\u00a0<a href=\"https:\/\/www.cumhuriyet.com.tr\/turkiye\/yargitay-in-bozma-kararinin-ardindan-yeniden-gorulen-28-subat-davasinda-karar-aciklandi-2441397\" target=\"_blank\" class=\"feedzy-rss-link-icon\">Read More<\/a><\/p>","protected":false},"excerpt":{"rendered":"<p>Yarg\u0131tay\u2019\u0131n bozma karar\u0131n\u0131n ard\u0131ndan Ankara 5. A\u011f\u0131r Ceza Mahkemesi\u2019nde yeniden g\u00f6r\u00fclen 28 \u015eubat davas\u0131nda, emekli orgeneraller Orhan Y\u00f6ney, \u015e\u00fckr\u00fc Sar\u0131\u0131\u015f\u0131k ile d\u00f6nemin Y\u00d6K Ba\u015fkan\u0131 Prof. Dr. Halil Kemal G\u00fcr\u00fcz&#8217;\u00fcn de aralar\u0131nda bulundu\u011fu 13 san\u0131k hakk\u0131nda, &#8220;darbe giri\u015fimine yard\u0131m&#8221; su\u00e7undan 18&#8217;er y\u0131l hapis cezas\u0131 verildi.Yarg\u0131tay\u2019\u0131n bozma karar\u0131n\u0131n ard\u0131ndan Ankara 5. A\u011f\u0131r Ceza Mahkemesi\u2019nde yeniden g\u00f6r\u00fclen 28 [&hellip;]<\/p>\n","protected":false},"author":1,"featured_media":7419,"comment_status":"open","ping_status":"open","sticky":false,"template":"","format":"standard","meta":{"footnotes":"","_links_to":"","_links_to_target":""},"categories":[1],"tags":[],"class_list":["post-7418","post","type-post","status-publish","format-standard","has-post-thumbnail","hentry","category-haberler"],"_links":{"self":[{"href":"https:\/\/www.abchukuk.com\/index.php\/wp-json\/wp\/v2\/posts\/7418","targetHints":{"allow":["GET"]}}],"collection":[{"href":"https:\/\/www.abchukuk.com\/index.php\/wp-json\/wp\/v2\/posts"}],"about":[{"href":"https:\/\/www.abchukuk.com\/index.php\/wp-json\/wp\/v2\/types\/post"}],"author":[{"embeddable":true,"href":"https:\/\/www.abchukuk.com\/index.php\/wp-json\/wp\/v2\/users\/1"}],"replies":[{"embeddable":true,"href":"https:\/\/www.abchukuk.com\/index.php\/wp-json\/wp\/v2\/comments?post=7418"}],"version-history":[{"count":0,"href":"https:\/\/www.abchukuk.com\/index.php\/wp-json\/wp\/v2\/posts\/7418\/revisions"}],"wp:featuredmedia":[{"embeddable":true,"href":"https:\/\/www.abchukuk.com\/index.php\/wp-json\/wp\/v2\/media\/7419"}],"wp:attachment":[{"href":"https:\/\/www.abchukuk.com\/index.php\/wp-json\/wp\/v2\/media?parent=7418"}],"wp:term":[{"taxonomy":"category","embeddable":true,"href":"https:\/\/www.abchukuk.com\/index.php\/wp-json\/wp\/v2\/categories?post=7418"},{"taxonomy":"post_tag","embeddable":true,"href":"https:\/\/www.abchukuk.com\/index.php\/wp-json\/wp\/v2\/tags?post=7418"}],"curies":[{"name":"wp","href":"https:\/\/api.w.org\/{rel}","templated":true}]}}