{"id":7416,"date":"2025-10-06T18:51:57","date_gmt":"2025-10-06T18:51:57","guid":{"rendered":"https:\/\/www.abchukuk.com\/index.php\/2025\/10\/06\/bassavciliktan-aciklama-cinayet-organize-suc-orgutunun-maktule-karsi-besledigi-husumet-sonucunda-gerceklestirildi\/"},"modified":"2025-10-06T18:51:57","modified_gmt":"2025-10-06T18:51:57","slug":"bassavciliktan-aciklama-cinayet-organize-suc-orgutunun-maktule-karsi-besledigi-husumet-sonucunda-gerceklestirildi","status":"publish","type":"post","link":"https:\/\/www.abchukuk.com\/index.php\/2025\/10\/06\/bassavciliktan-aciklama-cinayet-organize-suc-orgutunun-maktule-karsi-besledigi-husumet-sonucunda-gerceklestirildi\/","title":{"rendered":"Ba\u015fsavc\u0131l\u0131ktan a\u00e7\u0131klama: &#8216;Cinayet organize su\u00e7 \u00f6rg\u00fct\u00fcn\u00fcn maktule kar\u015f\u0131 besledi\u011fi husumet sonucunda ger\u00e7ekle\u015ftirildi&#8217;"},"content":{"rendered":"<p>Avukat Serdar \u00d6ktem&#8217;in \u00f6ld\u00fcr\u00fclmesiyle ilgili \u0130stanbul Cumhuriyet Ba\u015fsavc\u0131l\u0131\u011f\u0131&#8217;ndan gelen bilgilendirmede cinayetin organize su\u00e7 \u00f6rg\u00fct\u00fcn\u00fcn maktule kar\u015f\u0131 besledi\u011fi husumet sonucunda ger\u00e7ekle\u015ftirildi\u011fi ve g\u00f6zalt\u0131 say\u0131s\u0131n\u0131n 6&#8217;ya y\u00fckseldi\u011fi a\u00e7\u0131kland\u0131.Avukat Serdar \u00d6ktem&#8217;in \u00f6ld\u00fcr\u00fclmesiyle ilgili \u0130stanbul Cumhuriyet Ba\u015fsavc\u0131l\u0131\u011f\u0131&#8217;ndan gelen bilgilendirmede cinayetin organize su\u00e7 \u00f6rg\u00fct\u00fcn\u00fcn maktule kar\u015f\u0131 besledi\u011fi husumet sonucunda ger\u00e7ekle\u015ftirildi\u011fi ve g\u00f6zalt\u0131 say\u0131s\u0131n\u0131n 6&#8217;ya y\u00fckseldi\u011fi a\u00e7\u0131kland\u0131.\u00a0<a href=\"https:\/\/anlatilaninotesi.com.tr\/20251006\/bassavciliktan-aciklama-cinayet-organize-suc-orgutunun-maktule-karsi-besledigi-husumet-sonucunda-1099969325.html\" target=\"_blank\" class=\"feedzy-rss-link-icon\">Read More<\/a><\/p>","protected":false},"excerpt":{"rendered":"<p>Avukat Serdar \u00d6ktem&#8217;in \u00f6ld\u00fcr\u00fclmesiyle ilgili \u0130stanbul Cumhuriyet Ba\u015fsavc\u0131l\u0131\u011f\u0131&#8217;ndan gelen bilgilendirmede cinayetin organize su\u00e7 \u00f6rg\u00fct\u00fcn\u00fcn maktule kar\u015f\u0131 besledi\u011fi husumet sonucunda ger\u00e7ekle\u015ftirildi\u011fi ve g\u00f6zalt\u0131 say\u0131s\u0131n\u0131n 6&#8217;ya y\u00fckseldi\u011fi a\u00e7\u0131kland\u0131.Avukat Serdar \u00d6ktem&#8217;in \u00f6ld\u00fcr\u00fclmesiyle ilgili \u0130stanbul Cumhuriyet Ba\u015fsavc\u0131l\u0131\u011f\u0131&#8217;ndan gelen bilgilendirmede cinayetin organize su\u00e7 \u00f6rg\u00fct\u00fcn\u00fcn maktule kar\u015f\u0131 besledi\u011fi husumet sonucunda ger\u00e7ekle\u015ftirildi\u011fi ve g\u00f6zalt\u0131 say\u0131s\u0131n\u0131n 6&#8217;ya y\u00fckseldi\u011fi a\u00e7\u0131kland\u0131.\u00a0Read More<\/p>\n","protected":false},"author":1,"featured_media":0,"comment_status":"open","ping_status":"open","sticky":false,"template":"","format":"standard","meta":{"footnotes":"","_links_to":"","_links_to_target":""},"categories":[1],"tags":[],"class_list":["post-7416","post","type-post","status-publish","format-standard","hentry","category-haberler"],"_links":{"self":[{"href":"https:\/\/www.abchukuk.com\/index.php\/wp-json\/wp\/v2\/posts\/7416","targetHints":{"allow":["GET"]}}],"collection":[{"href":"https:\/\/www.abchukuk.com\/index.php\/wp-json\/wp\/v2\/posts"}],"about":[{"href":"https:\/\/www.abchukuk.com\/index.php\/wp-json\/wp\/v2\/types\/post"}],"author":[{"embeddable":true,"href":"https:\/\/www.abchukuk.com\/index.php\/wp-json\/wp\/v2\/users\/1"}],"replies":[{"embeddable":true,"href":"https:\/\/www.abchukuk.com\/index.php\/wp-json\/wp\/v2\/comments?post=7416"}],"version-history":[{"count":0,"href":"https:\/\/www.abchukuk.com\/index.php\/wp-json\/wp\/v2\/posts\/7416\/revisions"}],"wp:attachment":[{"href":"https:\/\/www.abchukuk.com\/index.php\/wp-json\/wp\/v2\/media?parent=7416"}],"wp:term":[{"taxonomy":"category","embeddable":true,"href":"https:\/\/www.abchukuk.com\/index.php\/wp-json\/wp\/v2\/categories?post=7416"},{"taxonomy":"post_tag","embeddable":true,"href":"https:\/\/www.abchukuk.com\/index.php\/wp-json\/wp\/v2\/tags?post=7416"}],"curies":[{"name":"wp","href":"https:\/\/api.w.org\/{rel}","templated":true}]}}