{"id":7415,"date":"2025-10-06T19:03:08","date_gmt":"2025-10-06T19:03:08","guid":{"rendered":"https:\/\/www.abchukuk.com\/index.php\/2025\/10\/06\/bassavciliktan-serdar-oktem-aciklamasi-6-supheli-yakalandi-ikisi-18-yas-altinda\/"},"modified":"2025-10-06T19:03:08","modified_gmt":"2025-10-06T19:03:08","slug":"bassavciliktan-serdar-oktem-aciklamasi-6-supheli-yakalandi-ikisi-18-yas-altinda","status":"publish","type":"post","link":"https:\/\/www.abchukuk.com\/index.php\/2025\/10\/06\/bassavciliktan-serdar-oktem-aciklamasi-6-supheli-yakalandi-ikisi-18-yas-altinda\/","title":{"rendered":"Ba\u015fsavc\u0131l\u0131ktan \u2018Serdar \u00d6ktem\u2019 a\u00e7\u0131klamas\u0131: 6 \u015f\u00fcpheli yakaland\u0131, ikisi 18 ya\u015f alt\u0131nda"},"content":{"rendered":"<p>\u0130stanbul \u015ei\u015fli\u2019de arac\u0131na maskeli \u015f\u00fcpheliler taraf\u0131ndan uzun namlulu silahlarla sald\u0131r\u0131 d\u00fczenlenen avukat Serdar \u00d6ktem, a\u011f\u0131r yaral\u0131 kald\u0131r\u0131ld\u0131\u011f\u0131 hastanede hayat\u0131n\u0131 kaybetti.<\/p>\n<p>6 \u015e\u00dcPHEL\u0130 YAKALANDI<br \/>\n\u0130stanbul Cumhuriyet Ba\u015fsavc\u0131l\u0131\u011f\u0131, sald\u0131r\u0131ya ili\u015fkin y\u00fcr\u00fct\u00fclen soru\u015fturma kapsam\u0131nda 6 \u015f\u00fcphelinin yakaland\u0131\u011f\u0131n\u0131 a\u00e7\u0131klad\u0131. \u015e\u00fcphelilerden 5\u2019inin sald\u0131r\u0131y\u0131 ger\u00e7ekle\u015ftirdi\u011fi, birinin ise sald\u0131rganlar\u0131n ka\u00e7mas\u0131na yard\u0131m etti\u011fi belirlendi. Yakalananlardan ikisinin 18 ya\u015f\u0131n alt\u0131nda oldu\u011fu kaydedildi.<\/p>\n<p>S\u0130LAHLAR VE MASKELER ELE GE\u00c7\u0130R\u0130LD\u0130<br \/>\n\u015e\u00fcpheliler, olaydan sonra ka\u00e7t\u0131klar\u0131 Arnavutk\u00f6y civar\u0131nda operasyonla yakaland\u0131. Yap\u0131lan aramalarda sald\u0131r\u0131da kullan\u0131lan 2 kala\u015fnikof, 2 tabanca, kar maskesi ve eldivenler ele ge\u00e7irildi. Emniyet ekipleri olay yeri ve silahlar\u0131n bulundu\u011fu b\u00f6lgede incelemelerini s\u00fcrd\u00fcr\u00fcyor.<\/p>\n<p>ORGAN\u0130ZE SU\u00c7 \u00d6RG\u00dcT\u00dc \u015e\u00dcPHES\u0130<br \/>\nCumhuriyet Ba\u015fsavc\u0131l\u0131\u011f\u0131, ilk bulgulara g\u00f6re sald\u0131r\u0131n\u0131n bir organize su\u00e7 \u00f6rg\u00fct\u00fcn\u00fcn Serdar \u00d6ktem\u2019e kar\u015f\u0131 besledi\u011fi husumet nedeniyle ger\u00e7ekle\u015ftirildi\u011fini de\u011ferlendirdi. Soru\u015fturman\u0131n azmettiricilerin tespiti ve \u00f6rg\u00fct\u00fcn olayda ta\u015feron kullan\u0131p kullanmad\u0131\u011f\u0131n\u0131n ortaya \u00e7\u0131kar\u0131lmas\u0131 y\u00f6n\u00fcnde derinle\u015ftirilerek devam etti\u011fi bildirildi.<\/p>\n<p>\u0130stanbul \u015ei\u015fli\u2019de avukat Serdar \u00d6ktem, arac\u0131na maskeli ki\u015filerce uzun namlulu silahlarla d\u00fczenlenen sald\u0131r\u0131da hayat\u0131n\u0131 kaybetti. Olayla ilgili 6 \u015f\u00fcpheli yakalan\u0131rken, 2\u2019sinin 18 ya\u015f\u0131ndan k\u00fc\u00e7\u00fck oldu\u011fu a\u00e7\u0131kland\u0131. Arnavutk\u00f6y\u2019de yakalanan \u015f\u00fcphelilerle birlikte 2 kala\u015fnikof, 2 tabanca ve maskeler ele ge\u00e7irildi. Soru\u015fturman\u0131n organize su\u00e7 \u00f6rg\u00fct\u00fc ba\u011flant\u0131s\u0131 y\u00f6n\u00fcnden derinle\u015ftirilerek s\u00fcrd\u00fc\u011f\u00fc bildirildi.\u00a0<a href=\"https:\/\/www.son.tv\/bassavciliktan-serdar-oktem-aciklamasi-6-supheli-yakalandi-ikisi-18-yas-altinda\/\" target=\"_blank\" class=\"feedzy-rss-link-icon\">Read More<\/a><\/p>","protected":false},"excerpt":{"rendered":"<p>\u0130stanbul \u015ei\u015fli\u2019de arac\u0131na maskeli \u015f\u00fcpheliler taraf\u0131ndan uzun namlulu silahlarla sald\u0131r\u0131 d\u00fczenlenen avukat Serdar \u00d6ktem, a\u011f\u0131r yaral\u0131 kald\u0131r\u0131ld\u0131\u011f\u0131 hastanede hayat\u0131n\u0131 kaybetti. 6 \u015e\u00dcPHEL\u0130 YAKALANDI \u0130stanbul Cumhuriyet Ba\u015fsavc\u0131l\u0131\u011f\u0131, sald\u0131r\u0131ya ili\u015fkin y\u00fcr\u00fct\u00fclen soru\u015fturma kapsam\u0131nda 6 \u015f\u00fcphelinin yakaland\u0131\u011f\u0131n\u0131 a\u00e7\u0131klad\u0131. \u015e\u00fcphelilerden 5\u2019inin sald\u0131r\u0131y\u0131 ger\u00e7ekle\u015ftirdi\u011fi, birinin ise sald\u0131rganlar\u0131n ka\u00e7mas\u0131na yard\u0131m etti\u011fi belirlendi. Yakalananlardan ikisinin 18 ya\u015f\u0131n alt\u0131nda oldu\u011fu kaydedildi. S\u0130LAHLAR VE [&hellip;]<\/p>\n","protected":false},"author":1,"featured_media":0,"comment_status":"open","ping_status":"open","sticky":false,"template":"","format":"standard","meta":{"footnotes":"","_links_to":"","_links_to_target":""},"categories":[1],"tags":[],"class_list":["post-7415","post","type-post","status-publish","format-standard","hentry","category-haberler"],"_links":{"self":[{"href":"https:\/\/www.abchukuk.com\/index.php\/wp-json\/wp\/v2\/posts\/7415","targetHints":{"allow":["GET"]}}],"collection":[{"href":"https:\/\/www.abchukuk.com\/index.php\/wp-json\/wp\/v2\/posts"}],"about":[{"href":"https:\/\/www.abchukuk.com\/index.php\/wp-json\/wp\/v2\/types\/post"}],"author":[{"embeddable":true,"href":"https:\/\/www.abchukuk.com\/index.php\/wp-json\/wp\/v2\/users\/1"}],"replies":[{"embeddable":true,"href":"https:\/\/www.abchukuk.com\/index.php\/wp-json\/wp\/v2\/comments?post=7415"}],"version-history":[{"count":0,"href":"https:\/\/www.abchukuk.com\/index.php\/wp-json\/wp\/v2\/posts\/7415\/revisions"}],"wp:attachment":[{"href":"https:\/\/www.abchukuk.com\/index.php\/wp-json\/wp\/v2\/media?parent=7415"}],"wp:term":[{"taxonomy":"category","embeddable":true,"href":"https:\/\/www.abchukuk.com\/index.php\/wp-json\/wp\/v2\/categories?post=7415"},{"taxonomy":"post_tag","embeddable":true,"href":"https:\/\/www.abchukuk.com\/index.php\/wp-json\/wp\/v2\/tags?post=7415"}],"curies":[{"name":"wp","href":"https:\/\/api.w.org\/{rel}","templated":true}]}}