{"id":7409,"date":"2025-10-06T16:17:00","date_gmt":"2025-10-06T16:17:00","guid":{"rendered":"https:\/\/www.abchukuk.com\/index.php\/2025\/10\/06\/adalet-bakanliginda-surpriz-bulusma-bakan-tunc-paylasti\/"},"modified":"2025-10-06T16:17:00","modified_gmt":"2025-10-06T16:17:00","slug":"adalet-bakanliginda-surpriz-bulusma-bakan-tunc-paylasti","status":"publish","type":"post","link":"https:\/\/www.abchukuk.com\/index.php\/2025\/10\/06\/adalet-bakanliginda-surpriz-bulusma-bakan-tunc-paylasti\/","title":{"rendered":"Adalet Bakanl\u0131\u011f\u0131&#8217;nda S\u00fcrpriz Bulu\u015fma! Bakan Tun\u00e7 Payla\u015ft\u0131"},"content":{"rendered":"<p><a href=\"https:\/\/www.gercekgundem.com\/guncel\/adalet-bakanliginda-surpriz-bulusma-bakan-tunc-paylasti-558581\"><br \/>\n                                                            <img decoding=\"async\" src=\"https:\/\/i.gercekgundem.com\/2\/150\/84\/storage\/files\/images\/2025\/10\/06\/adalet-bakanliginda-surpriz-bulusma-bakan-tunc-paylasti-f0ts.jpg\" width=\"150\" height=\"84\" border=\"0\" align=\"right\" \/><br \/>\n                                                    <\/a><\/p>\n<h4>Adalet Bakan\u0131 Y\u0131lmaz Tun\u00e7, TBB Ba\u015fkan\u0131 Erin\u00e7 Sa\u011fkan&#8217;la bir araya geldi. G\u00f6r\u00fc\u015fmede, avukatl\u0131k mesle\u011finin g\u00fc\u00e7lendirilmesi ve yarg\u0131 reformu kapsam\u0131nda yap\u0131lacak d\u00fczenlemeler ele al\u0131nd\u0131.<\/h4>\n<p>Adalet Bakan\u0131 Y\u0131lmaz Tun\u00e7, TBB Ba\u015fkan\u0131 Erin\u00e7 Sa\u011fkan&#8217;la bir araya geldi. G\u00f6r\u00fc\u015fmede, avukatl\u0131k mesle\u011finin g\u00fc\u00e7lendirilmesi ve yarg\u0131 reformu kapsam\u0131nda yap\u0131lacak d\u00fczenlemeler ele al\u0131nd\u0131.\u00a0<a href=\"https:\/\/www.gercekgundem.com\/guncel\/adalet-bakanliginda-surpriz-bulusma-bakan-tunc-paylasti-558581\" target=\"_blank\" class=\"feedzy-rss-link-icon\">Read More<\/a><\/p>","protected":false},"excerpt":{"rendered":"<p>Adalet Bakan\u0131 Y\u0131lmaz Tun\u00e7, TBB Ba\u015fkan\u0131 Erin\u00e7 Sa\u011fkan&#8217;la bir araya geldi. G\u00f6r\u00fc\u015fmede, avukatl\u0131k mesle\u011finin g\u00fc\u00e7lendirilmesi ve yarg\u0131 reformu kapsam\u0131nda yap\u0131lacak d\u00fczenlemeler ele al\u0131nd\u0131. Adalet Bakan\u0131 Y\u0131lmaz Tun\u00e7, TBB Ba\u015fkan\u0131 Erin\u00e7 Sa\u011fkan&#8217;la bir araya geldi. G\u00f6r\u00fc\u015fmede, avukatl\u0131k mesle\u011finin g\u00fc\u00e7lendirilmesi ve yarg\u0131 reformu kapsam\u0131nda yap\u0131lacak d\u00fczenlemeler ele al\u0131nd\u0131.\u00a0Read More<\/p>\n","protected":false},"author":1,"featured_media":7410,"comment_status":"open","ping_status":"open","sticky":false,"template":"","format":"standard","meta":{"footnotes":"","_links_to":"","_links_to_target":""},"categories":[1],"tags":[],"class_list":["post-7409","post","type-post","status-publish","format-standard","has-post-thumbnail","hentry","category-haberler"],"_links":{"self":[{"href":"https:\/\/www.abchukuk.com\/index.php\/wp-json\/wp\/v2\/posts\/7409","targetHints":{"allow":["GET"]}}],"collection":[{"href":"https:\/\/www.abchukuk.com\/index.php\/wp-json\/wp\/v2\/posts"}],"about":[{"href":"https:\/\/www.abchukuk.com\/index.php\/wp-json\/wp\/v2\/types\/post"}],"author":[{"embeddable":true,"href":"https:\/\/www.abchukuk.com\/index.php\/wp-json\/wp\/v2\/users\/1"}],"replies":[{"embeddable":true,"href":"https:\/\/www.abchukuk.com\/index.php\/wp-json\/wp\/v2\/comments?post=7409"}],"version-history":[{"count":0,"href":"https:\/\/www.abchukuk.com\/index.php\/wp-json\/wp\/v2\/posts\/7409\/revisions"}],"wp:featuredmedia":[{"embeddable":true,"href":"https:\/\/www.abchukuk.com\/index.php\/wp-json\/wp\/v2\/media\/7410"}],"wp:attachment":[{"href":"https:\/\/www.abchukuk.com\/index.php\/wp-json\/wp\/v2\/media?parent=7409"}],"wp:term":[{"taxonomy":"category","embeddable":true,"href":"https:\/\/www.abchukuk.com\/index.php\/wp-json\/wp\/v2\/categories?post=7409"},{"taxonomy":"post_tag","embeddable":true,"href":"https:\/\/www.abchukuk.com\/index.php\/wp-json\/wp\/v2\/tags?post=7409"}],"curies":[{"name":"wp","href":"https:\/\/api.w.org\/{rel}","templated":true}]}}