{"id":7283,"date":"2025-10-05T18:10:00","date_gmt":"2025-10-05T18:10:00","guid":{"rendered":"https:\/\/www.abchukuk.com\/index.php\/2025\/10\/05\/sinan-ates-dosyasinda-yeni-gelisme-mhpli-avukat-ve-eski-cinayet-buro-amirinin-davalari-birlestirildi\/"},"modified":"2025-10-05T18:10:00","modified_gmt":"2025-10-05T18:10:00","slug":"sinan-ates-dosyasinda-yeni-gelisme-mhpli-avukat-ve-eski-cinayet-buro-amirinin-davalari-birlestirildi","status":"publish","type":"post","link":"https:\/\/www.abchukuk.com\/index.php\/2025\/10\/05\/sinan-ates-dosyasinda-yeni-gelisme-mhpli-avukat-ve-eski-cinayet-buro-amirinin-davalari-birlestirildi\/","title":{"rendered":"Sinan Ate\u015f dosyas\u0131nda yeni geli\u015fme! MHP\u2019li avukat ve eski Cinayet B\u00fcro Amiri\u2019nin davalar\u0131 birle\u015ftirildi"},"content":{"rendered":"<p>Ankara B\u00f6lge Adliye Mahkemesi 5. Ceza Dairesi, aralar\u0131nda eski \u00dclk\u00fc Ocaklar\u0131 y\u00f6neticilerinin de oldu\u011fu dava ile Ankara 32. A\u011f\u0131r Ceza Mahkemesi\u2019nde Sinan Ate\u015f&#8217;in \u00f6ld\u00fcr\u00fclmesine ili\u015fkin MHP\u2019li avukat Serdar \u00d6ktem ile eski Cinayet B\u00fcro Amiri\u2019nin yarg\u0131land\u0131\u011f\u0131 davan\u0131n birle\u015ftirilmesine karar verdi.Ankara B\u00f6lge Adliye Mahkemesi 5. Ceza Dairesi, aralar\u0131nda eski \u00dclk\u00fc Ocaklar\u0131 y\u00f6neticilerinin de oldu\u011fu dava ile Ankara 32. A\u011f\u0131r Ceza Mahkemesi\u2019nde Sinan Ate\u015f&#8217;in \u00f6ld\u00fcr\u00fclmesine ili\u015fkin MHP\u2019li avukat Serdar \u00d6ktem ile eski Cinayet B\u00fcro Amiri\u2019nin yarg\u0131land\u0131\u011f\u0131 davan\u0131n birle\u015ftirilmesine karar verdi.\u00a0<a href=\"https:\/\/www.cumhuriyet.com.tr\/turkiye\/sinan-ates-dosyasinda-yeni-gelisme-mhp-li-avukat-ve-ski-cinayet-buro-amiri-nin-davalari-birlestirildi-2441018\" target=\"_blank\" class=\"feedzy-rss-link-icon\">Read More<\/a><\/p>","protected":false},"excerpt":{"rendered":"<p>Ankara B\u00f6lge Adliye Mahkemesi 5. Ceza Dairesi, aralar\u0131nda eski \u00dclk\u00fc Ocaklar\u0131 y\u00f6neticilerinin de oldu\u011fu dava ile Ankara 32. A\u011f\u0131r Ceza Mahkemesi\u2019nde Sinan Ate\u015f&#8217;in \u00f6ld\u00fcr\u00fclmesine ili\u015fkin MHP\u2019li avukat Serdar \u00d6ktem ile eski Cinayet B\u00fcro Amiri\u2019nin yarg\u0131land\u0131\u011f\u0131 davan\u0131n birle\u015ftirilmesine karar verdi.Ankara B\u00f6lge Adliye Mahkemesi 5. Ceza Dairesi, aralar\u0131nda eski \u00dclk\u00fc Ocaklar\u0131 y\u00f6neticilerinin de oldu\u011fu dava ile Ankara [&hellip;]<\/p>\n","protected":false},"author":1,"featured_media":7284,"comment_status":"open","ping_status":"open","sticky":false,"template":"","format":"standard","meta":{"footnotes":"","_links_to":"","_links_to_target":""},"categories":[1],"tags":[],"class_list":["post-7283","post","type-post","status-publish","format-standard","has-post-thumbnail","hentry","category-haberler"],"_links":{"self":[{"href":"https:\/\/www.abchukuk.com\/index.php\/wp-json\/wp\/v2\/posts\/7283","targetHints":{"allow":["GET"]}}],"collection":[{"href":"https:\/\/www.abchukuk.com\/index.php\/wp-json\/wp\/v2\/posts"}],"about":[{"href":"https:\/\/www.abchukuk.com\/index.php\/wp-json\/wp\/v2\/types\/post"}],"author":[{"embeddable":true,"href":"https:\/\/www.abchukuk.com\/index.php\/wp-json\/wp\/v2\/users\/1"}],"replies":[{"embeddable":true,"href":"https:\/\/www.abchukuk.com\/index.php\/wp-json\/wp\/v2\/comments?post=7283"}],"version-history":[{"count":0,"href":"https:\/\/www.abchukuk.com\/index.php\/wp-json\/wp\/v2\/posts\/7283\/revisions"}],"wp:featuredmedia":[{"embeddable":true,"href":"https:\/\/www.abchukuk.com\/index.php\/wp-json\/wp\/v2\/media\/7284"}],"wp:attachment":[{"href":"https:\/\/www.abchukuk.com\/index.php\/wp-json\/wp\/v2\/media?parent=7283"}],"wp:term":[{"taxonomy":"category","embeddable":true,"href":"https:\/\/www.abchukuk.com\/index.php\/wp-json\/wp\/v2\/categories?post=7283"},{"taxonomy":"post_tag","embeddable":true,"href":"https:\/\/www.abchukuk.com\/index.php\/wp-json\/wp\/v2\/tags?post=7283"}],"curies":[{"name":"wp","href":"https:\/\/api.w.org\/{rel}","templated":true}]}}