{"id":7280,"date":"2025-10-05T16:31:00","date_gmt":"2025-10-05T16:31:00","guid":{"rendered":"https:\/\/www.abchukuk.com\/index.php\/2025\/10\/05\/dayisi-ve-yengesini-oldurdu-cezaevinde-hayatini-kaybetti\/"},"modified":"2025-10-05T16:31:00","modified_gmt":"2025-10-05T16:31:00","slug":"dayisi-ve-yengesini-oldurdu-cezaevinde-hayatini-kaybetti","status":"publish","type":"post","link":"https:\/\/www.abchukuk.com\/index.php\/2025\/10\/05\/dayisi-ve-yengesini-oldurdu-cezaevinde-hayatini-kaybetti\/","title":{"rendered":"Day\u0131s\u0131 ve yengesini \u00f6ld\u00fcrd\u00fc: Cezaevinde hayat\u0131n\u0131 kaybetti"},"content":{"rendered":"<p>K\u0131r\u015fehir&#8217;de day\u0131s\u0131 Refik (63) ve yengesi Emine Kayg\u0131s\u0131z&#8217;\u0131 (62), evlerinde tabancayla \u00f6ld\u00fcren Haydar Da\u011f, cezaevinde kalp krizi ge\u00e7irip, ya\u015fam\u0131n\u0131 yitirdi.K\u0131r\u015fehir&#8217;de day\u0131s\u0131 Refik (63) ve yengesi Emine Kayg\u0131s\u0131z&#8217;\u0131 (62), evlerinde tabancayla \u00f6ld\u00fcren Haydar Da\u011f, cezaevinde kalp krizi ge\u00e7irip, ya\u015fam\u0131n\u0131 yitirdi.\u00a0<a href=\"https:\/\/www.cumhuriyet.com.tr\/turkiye\/dayisi-ve-yengesini-oldurdu-cezaevinde-hayatini-kaybetti-2441004\" target=\"_blank\" class=\"feedzy-rss-link-icon\">Read More<\/a><\/p>","protected":false},"excerpt":{"rendered":"<p>K\u0131r\u015fehir&#8217;de day\u0131s\u0131 Refik (63) ve yengesi Emine Kayg\u0131s\u0131z&#8217;\u0131 (62), evlerinde tabancayla \u00f6ld\u00fcren Haydar Da\u011f, cezaevinde kalp krizi ge\u00e7irip, ya\u015fam\u0131n\u0131 yitirdi.K\u0131r\u015fehir&#8217;de day\u0131s\u0131 Refik (63) ve yengesi Emine Kayg\u0131s\u0131z&#8217;\u0131 (62), evlerinde tabancayla \u00f6ld\u00fcren Haydar Da\u011f, cezaevinde kalp krizi ge\u00e7irip, ya\u015fam\u0131n\u0131 yitirdi.\u00a0Read More<\/p>\n","protected":false},"author":1,"featured_media":7281,"comment_status":"open","ping_status":"open","sticky":false,"template":"","format":"standard","meta":{"footnotes":"","_links_to":"","_links_to_target":""},"categories":[1],"tags":[],"class_list":["post-7280","post","type-post","status-publish","format-standard","has-post-thumbnail","hentry","category-haberler"],"_links":{"self":[{"href":"https:\/\/www.abchukuk.com\/index.php\/wp-json\/wp\/v2\/posts\/7280","targetHints":{"allow":["GET"]}}],"collection":[{"href":"https:\/\/www.abchukuk.com\/index.php\/wp-json\/wp\/v2\/posts"}],"about":[{"href":"https:\/\/www.abchukuk.com\/index.php\/wp-json\/wp\/v2\/types\/post"}],"author":[{"embeddable":true,"href":"https:\/\/www.abchukuk.com\/index.php\/wp-json\/wp\/v2\/users\/1"}],"replies":[{"embeddable":true,"href":"https:\/\/www.abchukuk.com\/index.php\/wp-json\/wp\/v2\/comments?post=7280"}],"version-history":[{"count":0,"href":"https:\/\/www.abchukuk.com\/index.php\/wp-json\/wp\/v2\/posts\/7280\/revisions"}],"wp:featuredmedia":[{"embeddable":true,"href":"https:\/\/www.abchukuk.com\/index.php\/wp-json\/wp\/v2\/media\/7281"}],"wp:attachment":[{"href":"https:\/\/www.abchukuk.com\/index.php\/wp-json\/wp\/v2\/media?parent=7280"}],"wp:term":[{"taxonomy":"category","embeddable":true,"href":"https:\/\/www.abchukuk.com\/index.php\/wp-json\/wp\/v2\/categories?post=7280"},{"taxonomy":"post_tag","embeddable":true,"href":"https:\/\/www.abchukuk.com\/index.php\/wp-json\/wp\/v2\/tags?post=7280"}],"curies":[{"name":"wp","href":"https:\/\/api.w.org\/{rel}","templated":true}]}}