{"id":7278,"date":"2025-10-05T15:29:00","date_gmt":"2025-10-05T15:29:00","guid":{"rendered":"https:\/\/www.abchukuk.com\/index.php\/2025\/10\/05\/ankarada-gazze-kararlilik-yuruyusu-duzenlendi-filistinin-ozgurlugu-icin-adalet-icin-insanlik-icin-buradayiz\/"},"modified":"2025-10-05T15:29:00","modified_gmt":"2025-10-05T15:29:00","slug":"ankarada-gazze-kararlilik-yuruyusu-duzenlendi-filistinin-ozgurlugu-icin-adalet-icin-insanlik-icin-buradayiz","status":"publish","type":"post","link":"https:\/\/www.abchukuk.com\/index.php\/2025\/10\/05\/ankarada-gazze-kararlilik-yuruyusu-duzenlendi-filistinin-ozgurlugu-icin-adalet-icin-insanlik-icin-buradayiz\/","title":{"rendered":"Ankara&#8217;da, &#8220;Gazze Kararl\u0131l\u0131k Y\u00fcr\u00fcy\u00fc\u015f\u00fc&#8221; d\u00fczenlendi&#8230; &#8220;Filistin&#8217;in \u00f6zg\u00fcrl\u00fc\u011f\u00fc i\u00e7in, adalet i\u00e7in, insanl\u0131k i\u00e7in buraday\u0131z&#8221;"},"content":{"rendered":"<p>Ankara Filistin Dayan\u0131\u015fma Platformu\u2019nun \u00e7a\u011fr\u0131s\u0131yla; \u0130srail&#8217;in Filistin&#8217;e sald\u0131r\u0131lar\u0131n\u0131 protesto etmek amac\u0131yla d\u00fczenlenen &#8220;Gazze Kararl\u0131l\u0131k Y\u00fcr\u00fcy\u00fc\u015f\u00fc&#8221;nde binlerce yurtta\u015f bir araya geldi.Ankara Filistin Dayan\u0131\u015fma Platformu\u2019nun \u00e7a\u011fr\u0131s\u0131yla; \u0130srail&#8217;in Filistin&#8217;e sald\u0131r\u0131lar\u0131n\u0131 protesto etmek amac\u0131yla d\u00fczenlenen &#8220;Gazze Kararl\u0131l\u0131k Y\u00fcr\u00fcy\u00fc\u015f\u00fc&#8221;nde binlerce yurtta\u015f bir araya geldi.\u00a0<a href=\"https:\/\/www.cumhuriyet.com.tr\/turkiye\/ankara-da-gazze-kararlilik-yuruyusu-duzenlendi-filistin-in-ozgurlugu-icin-adalet-icin-insanlik-icin-buradayiz-2440991\" target=\"_blank\" class=\"feedzy-rss-link-icon\">Read More<\/a><\/p>","protected":false},"excerpt":{"rendered":"<p>Ankara Filistin Dayan\u0131\u015fma Platformu\u2019nun \u00e7a\u011fr\u0131s\u0131yla; \u0130srail&#8217;in Filistin&#8217;e sald\u0131r\u0131lar\u0131n\u0131 protesto etmek amac\u0131yla d\u00fczenlenen &#8220;Gazze Kararl\u0131l\u0131k Y\u00fcr\u00fcy\u00fc\u015f\u00fc&#8221;nde binlerce yurtta\u015f bir araya geldi.Ankara Filistin Dayan\u0131\u015fma Platformu\u2019nun \u00e7a\u011fr\u0131s\u0131yla; \u0130srail&#8217;in Filistin&#8217;e sald\u0131r\u0131lar\u0131n\u0131 protesto etmek amac\u0131yla d\u00fczenlenen &#8220;Gazze Kararl\u0131l\u0131k Y\u00fcr\u00fcy\u00fc\u015f\u00fc&#8221;nde binlerce yurtta\u015f bir araya geldi.\u00a0Read More<\/p>\n","protected":false},"author":1,"featured_media":7279,"comment_status":"open","ping_status":"open","sticky":false,"template":"","format":"standard","meta":{"footnotes":"","_links_to":"","_links_to_target":""},"categories":[1],"tags":[],"class_list":["post-7278","post","type-post","status-publish","format-standard","has-post-thumbnail","hentry","category-haberler"],"_links":{"self":[{"href":"https:\/\/www.abchukuk.com\/index.php\/wp-json\/wp\/v2\/posts\/7278","targetHints":{"allow":["GET"]}}],"collection":[{"href":"https:\/\/www.abchukuk.com\/index.php\/wp-json\/wp\/v2\/posts"}],"about":[{"href":"https:\/\/www.abchukuk.com\/index.php\/wp-json\/wp\/v2\/types\/post"}],"author":[{"embeddable":true,"href":"https:\/\/www.abchukuk.com\/index.php\/wp-json\/wp\/v2\/users\/1"}],"replies":[{"embeddable":true,"href":"https:\/\/www.abchukuk.com\/index.php\/wp-json\/wp\/v2\/comments?post=7278"}],"version-history":[{"count":0,"href":"https:\/\/www.abchukuk.com\/index.php\/wp-json\/wp\/v2\/posts\/7278\/revisions"}],"wp:featuredmedia":[{"embeddable":true,"href":"https:\/\/www.abchukuk.com\/index.php\/wp-json\/wp\/v2\/media\/7279"}],"wp:attachment":[{"href":"https:\/\/www.abchukuk.com\/index.php\/wp-json\/wp\/v2\/media?parent=7278"}],"wp:term":[{"taxonomy":"category","embeddable":true,"href":"https:\/\/www.abchukuk.com\/index.php\/wp-json\/wp\/v2\/categories?post=7278"},{"taxonomy":"post_tag","embeddable":true,"href":"https:\/\/www.abchukuk.com\/index.php\/wp-json\/wp\/v2\/tags?post=7278"}],"curies":[{"name":"wp","href":"https:\/\/api.w.org\/{rel}","templated":true}]}}