{"id":7274,"date":"2025-10-05T14:07:00","date_gmt":"2025-10-05T14:07:00","guid":{"rendered":"https:\/\/www.abchukuk.com\/index.php\/2025\/10\/05\/duran-adam-eylemi-sirasinda-19-genc-gozaltina-alinmisti-durusma-oncesi-dayanisma-cagrisi\/"},"modified":"2025-10-05T14:07:00","modified_gmt":"2025-10-05T14:07:00","slug":"duran-adam-eylemi-sirasinda-19-genc-gozaltina-alinmisti-durusma-oncesi-dayanisma-cagrisi","status":"publish","type":"post","link":"https:\/\/www.abchukuk.com\/index.php\/2025\/10\/05\/duran-adam-eylemi-sirasinda-19-genc-gozaltina-alinmisti-durusma-oncesi-dayanisma-cagrisi\/","title":{"rendered":"&#8216;Duran Adam&#8217; eylemi s\u0131ras\u0131nda 19 gen\u00e7 g\u00f6zalt\u0131na al\u0131nm\u0131\u015ft\u0131: Duru\u015fma \u00f6ncesi dayan\u0131\u015fma \u00e7a\u011fr\u0131s\u0131"},"content":{"rendered":"<p>Gezi Park\u0131 eylemlerinin 12&#8217;nci y\u0131l d\u00f6n\u00fcm\u00fcnde Taksim Meydan\u0131&#8217;nda &#8220;Duran Adam&#8221; eylemi s\u0131ras\u0131nda g\u00f6zalt\u0131na al\u0131nan 19 gen\u00e7, 2911 say\u0131l\u0131 Toplant\u0131 ve G\u00f6steri Y\u00fcr\u00fcy\u00fc\u015fleri Kanunu&#8217;na muhalefet su\u00e7lamas\u0131yla 8 Ekim&#8217;de hakim kar\u015f\u0131s\u0131na \u00e7\u0131kacak.Gezi Park\u0131 eylemlerinin 12&#8217;nci y\u0131l d\u00f6n\u00fcm\u00fcnde Taksim Meydan\u0131&#8217;nda &#8220;Duran Adam&#8221; eylemi s\u0131ras\u0131nda g\u00f6zalt\u0131na al\u0131nan 19 gen\u00e7, 2911 say\u0131l\u0131 Toplant\u0131 ve G\u00f6steri Y\u00fcr\u00fcy\u00fc\u015fleri Kanunu&#8217;na muhalefet su\u00e7lamas\u0131yla 8 Ekim&#8217;de hakim kar\u015f\u0131s\u0131na \u00e7\u0131kacak.\u00a0<a href=\"https:\/\/www.cumhuriyet.com.tr\/turkiye\/duran-adam-eylemi-sirasinda-19-genc-gozaltina-alinmisti-durusma-oncesi-dayanisma-cagrisi-2440971\" target=\"_blank\" class=\"feedzy-rss-link-icon\">Read More<\/a><\/p>","protected":false},"excerpt":{"rendered":"<p>Gezi Park\u0131 eylemlerinin 12&#8217;nci y\u0131l d\u00f6n\u00fcm\u00fcnde Taksim Meydan\u0131&#8217;nda &#8220;Duran Adam&#8221; eylemi s\u0131ras\u0131nda g\u00f6zalt\u0131na al\u0131nan 19 gen\u00e7, 2911 say\u0131l\u0131 Toplant\u0131 ve G\u00f6steri Y\u00fcr\u00fcy\u00fc\u015fleri Kanunu&#8217;na muhalefet su\u00e7lamas\u0131yla 8 Ekim&#8217;de hakim kar\u015f\u0131s\u0131na \u00e7\u0131kacak.Gezi Park\u0131 eylemlerinin 12&#8217;nci y\u0131l d\u00f6n\u00fcm\u00fcnde Taksim Meydan\u0131&#8217;nda &#8220;Duran Adam&#8221; eylemi s\u0131ras\u0131nda g\u00f6zalt\u0131na al\u0131nan 19 gen\u00e7, 2911 say\u0131l\u0131 Toplant\u0131 ve G\u00f6steri Y\u00fcr\u00fcy\u00fc\u015fleri Kanunu&#8217;na muhalefet su\u00e7lamas\u0131yla 8 [&hellip;]<\/p>\n","protected":false},"author":1,"featured_media":7275,"comment_status":"open","ping_status":"open","sticky":false,"template":"","format":"standard","meta":{"footnotes":"","_links_to":"","_links_to_target":""},"categories":[1],"tags":[],"class_list":["post-7274","post","type-post","status-publish","format-standard","has-post-thumbnail","hentry","category-haberler"],"_links":{"self":[{"href":"https:\/\/www.abchukuk.com\/index.php\/wp-json\/wp\/v2\/posts\/7274","targetHints":{"allow":["GET"]}}],"collection":[{"href":"https:\/\/www.abchukuk.com\/index.php\/wp-json\/wp\/v2\/posts"}],"about":[{"href":"https:\/\/www.abchukuk.com\/index.php\/wp-json\/wp\/v2\/types\/post"}],"author":[{"embeddable":true,"href":"https:\/\/www.abchukuk.com\/index.php\/wp-json\/wp\/v2\/users\/1"}],"replies":[{"embeddable":true,"href":"https:\/\/www.abchukuk.com\/index.php\/wp-json\/wp\/v2\/comments?post=7274"}],"version-history":[{"count":0,"href":"https:\/\/www.abchukuk.com\/index.php\/wp-json\/wp\/v2\/posts\/7274\/revisions"}],"wp:featuredmedia":[{"embeddable":true,"href":"https:\/\/www.abchukuk.com\/index.php\/wp-json\/wp\/v2\/media\/7275"}],"wp:attachment":[{"href":"https:\/\/www.abchukuk.com\/index.php\/wp-json\/wp\/v2\/media?parent=7274"}],"wp:term":[{"taxonomy":"category","embeddable":true,"href":"https:\/\/www.abchukuk.com\/index.php\/wp-json\/wp\/v2\/categories?post=7274"},{"taxonomy":"post_tag","embeddable":true,"href":"https:\/\/www.abchukuk.com\/index.php\/wp-json\/wp\/v2\/tags?post=7274"}],"curies":[{"name":"wp","href":"https:\/\/api.w.org\/{rel}","templated":true}]}}