{"id":7272,"date":"2025-10-05T14:08:00","date_gmt":"2025-10-05T14:08:00","guid":{"rendered":"https:\/\/www.abchukuk.com\/index.php\/2025\/10\/05\/nufusla-degil-hukukla-kazandilar-kapatilan-beldeler-geri-aciliyor\/"},"modified":"2025-10-05T14:08:00","modified_gmt":"2025-10-05T14:08:00","slug":"nufusla-degil-hukukla-kazandilar-kapatilan-beldeler-geri-aciliyor","status":"publish","type":"post","link":"https:\/\/www.abchukuk.com\/index.php\/2025\/10\/05\/nufusla-degil-hukukla-kazandilar-kapatilan-beldeler-geri-aciliyor\/","title":{"rendered":"N\u00fcfusla de\u011fil hukukla kazand\u0131lar: Kapat\u0131lan beldeler geri a\u00e7\u0131l\u0131yor!"},"content":{"rendered":"<p>Giresun\u2019da 2014 yerel se\u00e7imlerinde n\u00fcfusu 2 binin alt\u0131na d\u00fc\u015ft\u00fc\u011f\u00fc gerek\u00e7esiyle kapat\u0131lan 9 beldeden biri olan Ke\u015fap il\u00e7esine ba\u011fl\u0131 Karabulduk Beldesi, a\u00e7\u0131lan dava sonucunda yeniden belde olma hakk\u0131n\u0131 elde etti.Giresun\u2019da 2014 yerel se\u00e7imlerinde n\u00fcfusu 2 binin alt\u0131na d\u00fc\u015ft\u00fc\u011f\u00fc gerek\u00e7esiyle kapat\u0131lan 9 beldeden biri olan Ke\u015fap il\u00e7esine ba\u011fl\u0131 Karabulduk Beldesi, a\u00e7\u0131lan dava sonucunda yeniden belde olma hakk\u0131n\u0131 elde etti.\u00a0<a href=\"https:\/\/www.dunya.com\/gundem\/nufusla-degil-hukukla-kazandilar-kapatilan-beldeler-geri-aciliyor-haberi-797048\" target=\"_blank\" class=\"feedzy-rss-link-icon\">Read More<\/a><\/p>","protected":false},"excerpt":{"rendered":"<p>Giresun\u2019da 2014 yerel se\u00e7imlerinde n\u00fcfusu 2 binin alt\u0131na d\u00fc\u015ft\u00fc\u011f\u00fc gerek\u00e7esiyle kapat\u0131lan 9 beldeden biri olan Ke\u015fap il\u00e7esine ba\u011fl\u0131 Karabulduk Beldesi, a\u00e7\u0131lan dava sonucunda yeniden belde olma hakk\u0131n\u0131 elde etti.Giresun\u2019da 2014 yerel se\u00e7imlerinde n\u00fcfusu 2 binin alt\u0131na d\u00fc\u015ft\u00fc\u011f\u00fc gerek\u00e7esiyle kapat\u0131lan 9 beldeden biri olan Ke\u015fap il\u00e7esine ba\u011fl\u0131 Karabulduk Beldesi, a\u00e7\u0131lan dava sonucunda yeniden belde olma hakk\u0131n\u0131 [&hellip;]<\/p>\n","protected":false},"author":1,"featured_media":7273,"comment_status":"open","ping_status":"open","sticky":false,"template":"","format":"standard","meta":{"footnotes":"","_links_to":"","_links_to_target":""},"categories":[1],"tags":[],"class_list":["post-7272","post","type-post","status-publish","format-standard","has-post-thumbnail","hentry","category-haberler"],"_links":{"self":[{"href":"https:\/\/www.abchukuk.com\/index.php\/wp-json\/wp\/v2\/posts\/7272","targetHints":{"allow":["GET"]}}],"collection":[{"href":"https:\/\/www.abchukuk.com\/index.php\/wp-json\/wp\/v2\/posts"}],"about":[{"href":"https:\/\/www.abchukuk.com\/index.php\/wp-json\/wp\/v2\/types\/post"}],"author":[{"embeddable":true,"href":"https:\/\/www.abchukuk.com\/index.php\/wp-json\/wp\/v2\/users\/1"}],"replies":[{"embeddable":true,"href":"https:\/\/www.abchukuk.com\/index.php\/wp-json\/wp\/v2\/comments?post=7272"}],"version-history":[{"count":0,"href":"https:\/\/www.abchukuk.com\/index.php\/wp-json\/wp\/v2\/posts\/7272\/revisions"}],"wp:featuredmedia":[{"embeddable":true,"href":"https:\/\/www.abchukuk.com\/index.php\/wp-json\/wp\/v2\/media\/7273"}],"wp:attachment":[{"href":"https:\/\/www.abchukuk.com\/index.php\/wp-json\/wp\/v2\/media?parent=7272"}],"wp:term":[{"taxonomy":"category","embeddable":true,"href":"https:\/\/www.abchukuk.com\/index.php\/wp-json\/wp\/v2\/categories?post=7272"},{"taxonomy":"post_tag","embeddable":true,"href":"https:\/\/www.abchukuk.com\/index.php\/wp-json\/wp\/v2\/tags?post=7272"}],"curies":[{"name":"wp","href":"https:\/\/api.w.org\/{rel}","templated":true}]}}