{"id":7268,"date":"2025-10-05T14:23:00","date_gmt":"2025-10-05T14:23:00","guid":{"rendered":"https:\/\/www.abchukuk.com\/index.php\/2025\/10\/05\/duran-adam-eylemine-katilan-19-genc-icin-durusma-tarihi-belli-oldu\/"},"modified":"2025-10-05T14:23:00","modified_gmt":"2025-10-05T14:23:00","slug":"duran-adam-eylemine-katilan-19-genc-icin-durusma-tarihi-belli-oldu","status":"publish","type":"post","link":"https:\/\/www.abchukuk.com\/index.php\/2025\/10\/05\/duran-adam-eylemine-katilan-19-genc-icin-durusma-tarihi-belli-oldu\/","title":{"rendered":"\u2018Duran Adam\u2019 Eylemine Kat\u0131lan 19 Gen\u00e7 \u0130\u00e7in Duru\u015fma Tarihi Belli Oldu"},"content":{"rendered":"<p><a href=\"https:\/\/www.gercekgundem.com\/guncel\/duran-adam-eylemine-katilan-19-genc-icin-durusma-tarihi-belli-oldu-558376\"><br \/>\n                                                            <img decoding=\"async\" src=\"https:\/\/i.gercekgundem.com\/2\/150\/84\/storage\/files\/images\/2025\/10\/05\/duran-adam-eylemine-katilan-19-genc-icin-durusma-tarihi-belli-oldu-vlvi.jpg\" width=\"150\" height=\"84\" border=\"0\" align=\"right\" \/><br \/>\n                                                    <\/a><\/p>\n<h4>Gezi Park\u0131 protestolar\u0131n\u0131n 12. y\u0131l d\u00f6n\u00fcm\u00fcnde Taksim Meydan\u0131&#8217;nda ger\u00e7ekle\u015ftirilen \u201cDuran Adam\u201d eylemine kat\u0131lan 19 gen\u00e7, 2911 say\u0131l\u0131 Toplant\u0131 ve G\u00f6steri Y\u00fcr\u00fcy\u00fc\u015fleri Kanunu\u2019na muhalefet su\u00e7lamas\u0131yla 8 Ekim\u2019de hakim kar\u015f\u0131s\u0131na \u00e7\u0131kacak.<\/h4>\n<p>Gezi Park\u0131 protestolar\u0131n\u0131n 12. y\u0131l d\u00f6n\u00fcm\u00fcnde Taksim Meydan\u0131&#8217;nda ger\u00e7ekle\u015ftirilen \u201cDuran Adam\u201d eylemine kat\u0131lan 19 gen\u00e7, 2911 say\u0131l\u0131 Toplant\u0131 ve G\u00f6steri Y\u00fcr\u00fcy\u00fc\u015fleri Kanunu\u2019na muhalefet su\u00e7lamas\u0131yla 8 Ekim\u2019de hakim kar\u015f\u0131s\u0131na \u00e7\u0131kacak.\u00a0<a href=\"https:\/\/www.gercekgundem.com\/guncel\/duran-adam-eylemine-katilan-19-genc-icin-durusma-tarihi-belli-oldu-558376\" target=\"_blank\" class=\"feedzy-rss-link-icon\">Read More<\/a><\/p>","protected":false},"excerpt":{"rendered":"<p>Gezi Park\u0131 protestolar\u0131n\u0131n 12. y\u0131l d\u00f6n\u00fcm\u00fcnde Taksim Meydan\u0131&#8217;nda ger\u00e7ekle\u015ftirilen \u201cDuran Adam\u201d eylemine kat\u0131lan 19 gen\u00e7, 2911 say\u0131l\u0131 Toplant\u0131 ve G\u00f6steri Y\u00fcr\u00fcy\u00fc\u015fleri Kanunu\u2019na muhalefet su\u00e7lamas\u0131yla 8 Ekim\u2019de hakim kar\u015f\u0131s\u0131na \u00e7\u0131kacak. Gezi Park\u0131 protestolar\u0131n\u0131n 12. y\u0131l d\u00f6n\u00fcm\u00fcnde Taksim Meydan\u0131&#8217;nda ger\u00e7ekle\u015ftirilen \u201cDuran Adam\u201d eylemine kat\u0131lan 19 gen\u00e7, 2911 say\u0131l\u0131 Toplant\u0131 ve G\u00f6steri Y\u00fcr\u00fcy\u00fc\u015fleri Kanunu\u2019na muhalefet su\u00e7lamas\u0131yla 8 Ekim\u2019de [&hellip;]<\/p>\n","protected":false},"author":1,"featured_media":7269,"comment_status":"open","ping_status":"open","sticky":false,"template":"","format":"standard","meta":{"footnotes":"","_links_to":"","_links_to_target":""},"categories":[1],"tags":[],"class_list":["post-7268","post","type-post","status-publish","format-standard","has-post-thumbnail","hentry","category-haberler"],"_links":{"self":[{"href":"https:\/\/www.abchukuk.com\/index.php\/wp-json\/wp\/v2\/posts\/7268","targetHints":{"allow":["GET"]}}],"collection":[{"href":"https:\/\/www.abchukuk.com\/index.php\/wp-json\/wp\/v2\/posts"}],"about":[{"href":"https:\/\/www.abchukuk.com\/index.php\/wp-json\/wp\/v2\/types\/post"}],"author":[{"embeddable":true,"href":"https:\/\/www.abchukuk.com\/index.php\/wp-json\/wp\/v2\/users\/1"}],"replies":[{"embeddable":true,"href":"https:\/\/www.abchukuk.com\/index.php\/wp-json\/wp\/v2\/comments?post=7268"}],"version-history":[{"count":0,"href":"https:\/\/www.abchukuk.com\/index.php\/wp-json\/wp\/v2\/posts\/7268\/revisions"}],"wp:featuredmedia":[{"embeddable":true,"href":"https:\/\/www.abchukuk.com\/index.php\/wp-json\/wp\/v2\/media\/7269"}],"wp:attachment":[{"href":"https:\/\/www.abchukuk.com\/index.php\/wp-json\/wp\/v2\/media?parent=7268"}],"wp:term":[{"taxonomy":"category","embeddable":true,"href":"https:\/\/www.abchukuk.com\/index.php\/wp-json\/wp\/v2\/categories?post=7268"},{"taxonomy":"post_tag","embeddable":true,"href":"https:\/\/www.abchukuk.com\/index.php\/wp-json\/wp\/v2\/tags?post=7268"}],"curies":[{"name":"wp","href":"https:\/\/api.w.org\/{rel}","templated":true}]}}