{"id":7262,"date":"2025-10-05T12:42:00","date_gmt":"2025-10-05T12:42:00","guid":{"rendered":"https:\/\/www.abchukuk.com\/index.php\/2025\/10\/05\/istanbul-sislide-agirlastirilmis-muebbet-hapis-cezasi-bulunan-hukumlu-yakalandi\/"},"modified":"2025-10-05T12:42:00","modified_gmt":"2025-10-05T12:42:00","slug":"istanbul-sislide-agirlastirilmis-muebbet-hapis-cezasi-bulunan-hukumlu-yakalandi","status":"publish","type":"post","link":"https:\/\/www.abchukuk.com\/index.php\/2025\/10\/05\/istanbul-sislide-agirlastirilmis-muebbet-hapis-cezasi-bulunan-hukumlu-yakalandi\/","title":{"rendered":"\u0130stanbul- \u015ei\u015fli&#8217;de a\u011f\u0131rla\u015ft\u0131r\u0131lm\u0131\u015f m\u00fcebbet hapis cezas\u0131 bulunan h\u00fck\u00fcml\u00fc yakaland\u0131"},"content":{"rendered":"<p>\u015ei\u015fli&#8217;de yap\u0131lan operasyonda 2003 y\u0131l\u0131nda i\u015flenen bir cinayet nedeniyle hakk\u0131nda a\u011f\u0131rla\u015ft\u0131r\u0131lm\u0131\u015f m\u00fcebbet hapis cezas\u0131 verilen ve uzun s\u00fcredir firari olarak aranan h\u00fck\u00fcml\u00fc sakland\u0131\u011f\u0131 evde yakaland\u0131.\u015ei\u015fli&#8217;de yap\u0131lan operasyonda 2003 y\u0131l\u0131nda i\u015flenen bir cinayet nedeniyle hakk\u0131nda a\u011f\u0131rla\u015ft\u0131r\u0131lm\u0131\u015f m\u00fcebbet hapis cezas\u0131 verilen ve uzun s\u00fcredir firari olarak aranan h\u00fck\u00fcml\u00fc sakland\u0131\u011f\u0131 evde yakaland\u0131.\u00a0<a href=\"https:\/\/www.cumhuriyet.com.tr\/turkiye\/istanbul-sisli-de-agirlastirilmis-muebbet-hapis-cezasi-bulunan-hukumlu-yakalandi-2440932\" target=\"_blank\" class=\"feedzy-rss-link-icon\">Read More<\/a><\/p>","protected":false},"excerpt":{"rendered":"<p>\u015ei\u015fli&#8217;de yap\u0131lan operasyonda 2003 y\u0131l\u0131nda i\u015flenen bir cinayet nedeniyle hakk\u0131nda a\u011f\u0131rla\u015ft\u0131r\u0131lm\u0131\u015f m\u00fcebbet hapis cezas\u0131 verilen ve uzun s\u00fcredir firari olarak aranan h\u00fck\u00fcml\u00fc sakland\u0131\u011f\u0131 evde yakaland\u0131.\u015ei\u015fli&#8217;de yap\u0131lan operasyonda 2003 y\u0131l\u0131nda i\u015flenen bir cinayet nedeniyle hakk\u0131nda a\u011f\u0131rla\u015ft\u0131r\u0131lm\u0131\u015f m\u00fcebbet hapis cezas\u0131 verilen ve uzun s\u00fcredir firari olarak aranan h\u00fck\u00fcml\u00fc sakland\u0131\u011f\u0131 evde yakaland\u0131.\u00a0Read More<\/p>\n","protected":false},"author":1,"featured_media":7263,"comment_status":"open","ping_status":"open","sticky":false,"template":"","format":"standard","meta":{"footnotes":"","_links_to":"","_links_to_target":""},"categories":[1],"tags":[],"class_list":["post-7262","post","type-post","status-publish","format-standard","has-post-thumbnail","hentry","category-haberler"],"_links":{"self":[{"href":"https:\/\/www.abchukuk.com\/index.php\/wp-json\/wp\/v2\/posts\/7262","targetHints":{"allow":["GET"]}}],"collection":[{"href":"https:\/\/www.abchukuk.com\/index.php\/wp-json\/wp\/v2\/posts"}],"about":[{"href":"https:\/\/www.abchukuk.com\/index.php\/wp-json\/wp\/v2\/types\/post"}],"author":[{"embeddable":true,"href":"https:\/\/www.abchukuk.com\/index.php\/wp-json\/wp\/v2\/users\/1"}],"replies":[{"embeddable":true,"href":"https:\/\/www.abchukuk.com\/index.php\/wp-json\/wp\/v2\/comments?post=7262"}],"version-history":[{"count":0,"href":"https:\/\/www.abchukuk.com\/index.php\/wp-json\/wp\/v2\/posts\/7262\/revisions"}],"wp:featuredmedia":[{"embeddable":true,"href":"https:\/\/www.abchukuk.com\/index.php\/wp-json\/wp\/v2\/media\/7263"}],"wp:attachment":[{"href":"https:\/\/www.abchukuk.com\/index.php\/wp-json\/wp\/v2\/media?parent=7262"}],"wp:term":[{"taxonomy":"category","embeddable":true,"href":"https:\/\/www.abchukuk.com\/index.php\/wp-json\/wp\/v2\/categories?post=7262"},{"taxonomy":"post_tag","embeddable":true,"href":"https:\/\/www.abchukuk.com\/index.php\/wp-json\/wp\/v2\/tags?post=7262"}],"curies":[{"name":"wp","href":"https:\/\/api.w.org\/{rel}","templated":true}]}}