{"id":7256,"date":"2025-10-05T10:14:33","date_gmt":"2025-10-05T10:14:33","guid":{"rendered":"https:\/\/www.abchukuk.com\/index.php\/2025\/10\/05\/yanlislikla-maasinin-330-katini-alan-isci-mahkemeyi-kazandi-parayi-geri-vermeyecek\/"},"modified":"2025-10-05T10:14:33","modified_gmt":"2025-10-05T10:14:33","slug":"yanlislikla-maasinin-330-katini-alan-isci-mahkemeyi-kazandi-parayi-geri-vermeyecek","status":"publish","type":"post","link":"https:\/\/www.abchukuk.com\/index.php\/2025\/10\/05\/yanlislikla-maasinin-330-katini-alan-isci-mahkemeyi-kazandi-parayi-geri-vermeyecek\/","title":{"rendered":"Yanl\u0131\u015fl\u0131kla maa\u015f\u0131n\u0131n 330 kat\u0131n\u0131 alan i\u015f\u00e7i mahkemeyi kazand\u0131: Paray\u0131 geri vermeyecek"},"content":{"rendered":"<p>\u015eili\u2019de bir ofis \u00e7al\u0131\u015fan\u0131n\u0131n hesab\u0131na yanl\u0131\u015fl\u0131kla normal maa\u015f\u0131n\u0131n 330 kat\u0131 para yat\u0131r\u0131ld\u0131. \u00dc\u00e7 g\u00fcn i\u00e7inde istifa eden i\u015f\u00e7i, \u015firketin paras\u0131n\u0131 geri alma \u00e7abas\u0131na ra\u011fmen mahkemeden zaferle \u00e7\u0131kt\u0131.\u015eili\u2019de bir ofis \u00e7al\u0131\u015fan\u0131n\u0131n hesab\u0131na yanl\u0131\u015fl\u0131kla normal maa\u015f\u0131n\u0131n 330 kat\u0131 para yat\u0131r\u0131ld\u0131. \u00dc\u00e7 g\u00fcn i\u00e7inde istifa eden i\u015f\u00e7i, \u015firketin paras\u0131n\u0131 geri alma \u00e7abas\u0131na ra\u011fmen mahkemeden zaferle \u00e7\u0131kt\u0131.\u00a0<a href=\"https:\/\/anlatilaninotesi.com.tr\/20251005\/yanlislikla-maasinin-330-katini-alan-isci-mahkemeyi-kazandi-parayi-geri-vermeyecek-1099929506.html\" target=\"_blank\" class=\"feedzy-rss-link-icon\">Read More<\/a><\/p>","protected":false},"excerpt":{"rendered":"<p>\u015eili\u2019de bir ofis \u00e7al\u0131\u015fan\u0131n\u0131n hesab\u0131na yanl\u0131\u015fl\u0131kla normal maa\u015f\u0131n\u0131n 330 kat\u0131 para yat\u0131r\u0131ld\u0131. \u00dc\u00e7 g\u00fcn i\u00e7inde istifa eden i\u015f\u00e7i, \u015firketin paras\u0131n\u0131 geri alma \u00e7abas\u0131na ra\u011fmen mahkemeden zaferle \u00e7\u0131kt\u0131.\u015eili\u2019de bir ofis \u00e7al\u0131\u015fan\u0131n\u0131n hesab\u0131na yanl\u0131\u015fl\u0131kla normal maa\u015f\u0131n\u0131n 330 kat\u0131 para yat\u0131r\u0131ld\u0131. \u00dc\u00e7 g\u00fcn i\u00e7inde istifa eden i\u015f\u00e7i, \u015firketin paras\u0131n\u0131 geri alma \u00e7abas\u0131na ra\u011fmen mahkemeden zaferle \u00e7\u0131kt\u0131.\u00a0Read More<\/p>\n","protected":false},"author":1,"featured_media":0,"comment_status":"open","ping_status":"open","sticky":false,"template":"","format":"standard","meta":{"footnotes":"","_links_to":"","_links_to_target":""},"categories":[1],"tags":[],"class_list":["post-7256","post","type-post","status-publish","format-standard","hentry","category-haberler"],"_links":{"self":[{"href":"https:\/\/www.abchukuk.com\/index.php\/wp-json\/wp\/v2\/posts\/7256","targetHints":{"allow":["GET"]}}],"collection":[{"href":"https:\/\/www.abchukuk.com\/index.php\/wp-json\/wp\/v2\/posts"}],"about":[{"href":"https:\/\/www.abchukuk.com\/index.php\/wp-json\/wp\/v2\/types\/post"}],"author":[{"embeddable":true,"href":"https:\/\/www.abchukuk.com\/index.php\/wp-json\/wp\/v2\/users\/1"}],"replies":[{"embeddable":true,"href":"https:\/\/www.abchukuk.com\/index.php\/wp-json\/wp\/v2\/comments?post=7256"}],"version-history":[{"count":0,"href":"https:\/\/www.abchukuk.com\/index.php\/wp-json\/wp\/v2\/posts\/7256\/revisions"}],"wp:attachment":[{"href":"https:\/\/www.abchukuk.com\/index.php\/wp-json\/wp\/v2\/media?parent=7256"}],"wp:term":[{"taxonomy":"category","embeddable":true,"href":"https:\/\/www.abchukuk.com\/index.php\/wp-json\/wp\/v2\/categories?post=7256"},{"taxonomy":"post_tag","embeddable":true,"href":"https:\/\/www.abchukuk.com\/index.php\/wp-json\/wp\/v2\/tags?post=7256"}],"curies":[{"name":"wp","href":"https:\/\/api.w.org\/{rel}","templated":true}]}}