{"id":7175,"date":"2025-10-03T18:33:34","date_gmt":"2025-10-03T18:33:34","guid":{"rendered":"https:\/\/www.abchukuk.com\/index.php\/2025\/10\/03\/taksim-cinayetinde-tutuklama\/"},"modified":"2025-10-03T18:33:34","modified_gmt":"2025-10-03T18:33:34","slug":"taksim-cinayetinde-tutuklama","status":"publish","type":"post","link":"https:\/\/www.abchukuk.com\/index.php\/2025\/10\/03\/taksim-cinayetinde-tutuklama\/","title":{"rendered":"Taksim cinayetinde tutuklama"},"content":{"rendered":"<p>Adalet Bakanl\u0131\u011f\u0131, Taksim\u2019deki b\u0131\u00e7akl\u0131 cinayet soru\u015fturmas\u0131nda 1997 do\u011fumlu \u015f\u00fcphelinin \u2018kasten \u00f6ld\u00fcrme\u2019den tutukland\u0131\u011f\u0131n\u0131 a\u00e7\u0131klad\u0131. Bakanl\u0131k, ge\u00e7mi\u015fteki hapis ve para cezalar\u0131n\u0131n infaz edildi\u011fini, \u201c11 su\u00e7 kayd\u0131\u201d iddias\u0131n\u0131n ise as\u0131ls\u0131z oldu\u011funu duyurduAdalet Bakanl\u0131\u011f\u0131, Taksim\u2019deki b\u0131\u00e7akl\u0131 cinayet soru\u015fturmas\u0131nda 1997 do\u011fumlu \u015f\u00fcphelinin \u2018kasten \u00f6ld\u00fcrme\u2019den tutukland\u0131\u011f\u0131n\u0131 a\u00e7\u0131klad\u0131. Bakanl\u0131k, ge\u00e7mi\u015fteki hapis ve para cezalar\u0131n\u0131n infaz edildi\u011fini, \u201c11 su\u00e7 kayd\u0131\u201d iddias\u0131n\u0131n ise as\u0131ls\u0131z oldu\u011funu duyurdu\u00a0<a href=\"https:\/\/www.haberturk.com\/adalet-bakanligi-taksimdeki-bicakli-cinayet-suphelisi-tutuklandi-11-suc-kaydi-iddiasi-asilsiz-3827486\" target=\"_blank\" class=\"feedzy-rss-link-icon\">Read More<\/a><\/p>","protected":false},"excerpt":{"rendered":"<p>Adalet Bakanl\u0131\u011f\u0131, Taksim\u2019deki b\u0131\u00e7akl\u0131 cinayet soru\u015fturmas\u0131nda 1997 do\u011fumlu \u015f\u00fcphelinin \u2018kasten \u00f6ld\u00fcrme\u2019den tutukland\u0131\u011f\u0131n\u0131 a\u00e7\u0131klad\u0131. Bakanl\u0131k, ge\u00e7mi\u015fteki hapis ve para cezalar\u0131n\u0131n infaz edildi\u011fini, \u201c11 su\u00e7 kayd\u0131\u201d iddias\u0131n\u0131n ise as\u0131ls\u0131z oldu\u011funu duyurduAdalet Bakanl\u0131\u011f\u0131, Taksim\u2019deki b\u0131\u00e7akl\u0131 cinayet soru\u015fturmas\u0131nda 1997 do\u011fumlu \u015f\u00fcphelinin \u2018kasten \u00f6ld\u00fcrme\u2019den tutukland\u0131\u011f\u0131n\u0131 a\u00e7\u0131klad\u0131. Bakanl\u0131k, ge\u00e7mi\u015fteki hapis ve para cezalar\u0131n\u0131n infaz edildi\u011fini, \u201c11 su\u00e7 kayd\u0131\u201d iddias\u0131n\u0131n ise as\u0131ls\u0131z [&hellip;]<\/p>\n","protected":false},"author":1,"featured_media":0,"comment_status":"open","ping_status":"open","sticky":false,"template":"","format":"standard","meta":{"footnotes":"","_links_to":"","_links_to_target":""},"categories":[1],"tags":[],"class_list":["post-7175","post","type-post","status-publish","format-standard","hentry","category-haberler"],"_links":{"self":[{"href":"https:\/\/www.abchukuk.com\/index.php\/wp-json\/wp\/v2\/posts\/7175","targetHints":{"allow":["GET"]}}],"collection":[{"href":"https:\/\/www.abchukuk.com\/index.php\/wp-json\/wp\/v2\/posts"}],"about":[{"href":"https:\/\/www.abchukuk.com\/index.php\/wp-json\/wp\/v2\/types\/post"}],"author":[{"embeddable":true,"href":"https:\/\/www.abchukuk.com\/index.php\/wp-json\/wp\/v2\/users\/1"}],"replies":[{"embeddable":true,"href":"https:\/\/www.abchukuk.com\/index.php\/wp-json\/wp\/v2\/comments?post=7175"}],"version-history":[{"count":0,"href":"https:\/\/www.abchukuk.com\/index.php\/wp-json\/wp\/v2\/posts\/7175\/revisions"}],"wp:attachment":[{"href":"https:\/\/www.abchukuk.com\/index.php\/wp-json\/wp\/v2\/media?parent=7175"}],"wp:term":[{"taxonomy":"category","embeddable":true,"href":"https:\/\/www.abchukuk.com\/index.php\/wp-json\/wp\/v2\/categories?post=7175"},{"taxonomy":"post_tag","embeddable":true,"href":"https:\/\/www.abchukuk.com\/index.php\/wp-json\/wp\/v2\/tags?post=7175"}],"curies":[{"name":"wp","href":"https:\/\/api.w.org\/{rel}","templated":true}]}}