{"id":7150,"date":"2025-10-03T18:20:00","date_gmt":"2025-10-03T18:20:00","guid":{"rendered":"https:\/\/www.abchukuk.com\/index.php\/2025\/10\/03\/imamogludan-ayse-barim-demirtas-yuksekdag-ve-atalay-icin-mesaj-once-adalet\/"},"modified":"2025-10-03T18:20:00","modified_gmt":"2025-10-03T18:20:00","slug":"imamogludan-ayse-barim-demirtas-yuksekdag-ve-atalay-icin-mesaj-once-adalet","status":"publish","type":"post","link":"https:\/\/www.abchukuk.com\/index.php\/2025\/10\/03\/imamogludan-ayse-barim-demirtas-yuksekdag-ve-atalay-icin-mesaj-once-adalet\/","title":{"rendered":"\u0130mamo\u011flu\u2019dan Ay\u015fe Bar\u0131m, Demirta\u015f, Y\u00fcksekda\u011f ve Atalay i\u00e7in mesaj: \u2018\u00d6nce adalet!\u2019"},"content":{"rendered":"<p>\u0130stanbul B\u00fcy\u00fck\u015fehir Belediyesi&#8217;ne (\u0130BB) y\u00f6nelik soru\u015fturma kapsam\u0131nda tutuklanarak g\u00f6revden al\u0131nan \u0130BB Ba\u015fkan\u0131 Ekrem \u0130mamo\u011flu A\u0130HM ve AYM kararlar\u0131n\u0131n uygulanmas\u0131n\u0131, Selahattin Demirta\u015f, Figen Y\u00fcksekda\u011f ve Can Atalay\u2019\u0131n tahliyelerini istedi.\u0130stanbul B\u00fcy\u00fck\u015fehir Belediyesi&#8217;ne (\u0130BB) y\u00f6nelik soru\u015fturma kapsam\u0131nda tutuklanarak g\u00f6revden al\u0131nan \u0130BB Ba\u015fkan\u0131 Ekrem \u0130mamo\u011flu A\u0130HM ve AYM kararlar\u0131n\u0131n uygulanmas\u0131n\u0131, Selahattin Demirta\u015f, Figen Y\u00fcksekda\u011f ve Can Atalay\u2019\u0131n tahliyelerini istedi.\u00a0<a href=\"https:\/\/www.cumhuriyet.com.tr\/turkiye\/imamoglu-dan-ayse-barim-demirtas-yuksekdag-ve-atalay-icin-mesaj-once-adalet-2440526\" target=\"_blank\" class=\"feedzy-rss-link-icon\">Read More<\/a><\/p>","protected":false},"excerpt":{"rendered":"<p>\u0130stanbul B\u00fcy\u00fck\u015fehir Belediyesi&#8217;ne (\u0130BB) y\u00f6nelik soru\u015fturma kapsam\u0131nda tutuklanarak g\u00f6revden al\u0131nan \u0130BB Ba\u015fkan\u0131 Ekrem \u0130mamo\u011flu A\u0130HM ve AYM kararlar\u0131n\u0131n uygulanmas\u0131n\u0131, Selahattin Demirta\u015f, Figen Y\u00fcksekda\u011f ve Can Atalay\u2019\u0131n tahliyelerini istedi.\u0130stanbul B\u00fcy\u00fck\u015fehir Belediyesi&#8217;ne (\u0130BB) y\u00f6nelik soru\u015fturma kapsam\u0131nda tutuklanarak g\u00f6revden al\u0131nan \u0130BB Ba\u015fkan\u0131 Ekrem \u0130mamo\u011flu A\u0130HM ve AYM kararlar\u0131n\u0131n uygulanmas\u0131n\u0131, Selahattin Demirta\u015f, Figen Y\u00fcksekda\u011f ve Can Atalay\u2019\u0131n tahliyelerini istedi.\u00a0Read [&hellip;]<\/p>\n","protected":false},"author":1,"featured_media":7151,"comment_status":"open","ping_status":"open","sticky":false,"template":"","format":"standard","meta":{"footnotes":"","_links_to":"","_links_to_target":""},"categories":[1],"tags":[],"class_list":["post-7150","post","type-post","status-publish","format-standard","has-post-thumbnail","hentry","category-haberler"],"_links":{"self":[{"href":"https:\/\/www.abchukuk.com\/index.php\/wp-json\/wp\/v2\/posts\/7150","targetHints":{"allow":["GET"]}}],"collection":[{"href":"https:\/\/www.abchukuk.com\/index.php\/wp-json\/wp\/v2\/posts"}],"about":[{"href":"https:\/\/www.abchukuk.com\/index.php\/wp-json\/wp\/v2\/types\/post"}],"author":[{"embeddable":true,"href":"https:\/\/www.abchukuk.com\/index.php\/wp-json\/wp\/v2\/users\/1"}],"replies":[{"embeddable":true,"href":"https:\/\/www.abchukuk.com\/index.php\/wp-json\/wp\/v2\/comments?post=7150"}],"version-history":[{"count":0,"href":"https:\/\/www.abchukuk.com\/index.php\/wp-json\/wp\/v2\/posts\/7150\/revisions"}],"wp:featuredmedia":[{"embeddable":true,"href":"https:\/\/www.abchukuk.com\/index.php\/wp-json\/wp\/v2\/media\/7151"}],"wp:attachment":[{"href":"https:\/\/www.abchukuk.com\/index.php\/wp-json\/wp\/v2\/media?parent=7150"}],"wp:term":[{"taxonomy":"category","embeddable":true,"href":"https:\/\/www.abchukuk.com\/index.php\/wp-json\/wp\/v2\/categories?post=7150"},{"taxonomy":"post_tag","embeddable":true,"href":"https:\/\/www.abchukuk.com\/index.php\/wp-json\/wp\/v2\/tags?post=7150"}],"curies":[{"name":"wp","href":"https:\/\/api.w.org\/{rel}","templated":true}]}}