{"id":7146,"date":"2025-10-03T18:55:23","date_gmt":"2025-10-03T18:55:23","guid":{"rendered":"https:\/\/www.abchukuk.com\/index.php\/2025\/10\/03\/adalet-bakani-tunc-kirklarelinde-temaslarda-bulundu\/"},"modified":"2025-10-03T18:55:23","modified_gmt":"2025-10-03T18:55:23","slug":"adalet-bakani-tunc-kirklarelinde-temaslarda-bulundu","status":"publish","type":"post","link":"https:\/\/www.abchukuk.com\/index.php\/2025\/10\/03\/adalet-bakani-tunc-kirklarelinde-temaslarda-bulundu\/","title":{"rendered":"Adalet Bakan\u0131 Tun\u00e7 K\u0131rklareli\u2019nde temaslarda bulundu"},"content":{"rendered":"<p>\u00d6nemli temaslarda bulunmak \u00fczere K\u0131rklareli\u2019ne gelen Adalet Bakan\u0131 Y\u0131lmaz Tun\u00e7, K\u0131rklareli Adalet Saray\u0131 ve K\u0131rklareli Barosu\u2019nu ziyaret ederek yarg\u0131 mensuplar\u0131 ve avukatlarla bir araya geldi.<\/p>\n<p><img fetchpriority=\"high\" decoding=\"async\" class=\"alignnone size-large wp-image-163460\" src=\"https:\/\/www.son.tv\/wp-content\/uploads\/2025\/10\/92ef0d05-8e88-4c7f-bfb8-a1a3e860213c-768x1024.jpeg\" alt=\"\" width=\"768\" height=\"1024\" \/><\/p>\n<p>Burada yarg\u0131 mensuplar\u0131yla g\u00f6r\u00fc\u015fen Tun\u00e7, adalet hizmetlerinin etkinli\u011fini art\u0131rmaya y\u00f6nelik y\u00fcr\u00fct\u00fclen \u00e7al\u0131\u015fmalar hakk\u0131nda bilgi ald\u0131.<\/p>\n<p><img decoding=\"async\" class=\"alignnone size-large wp-image-163461\" src=\"https:\/\/www.son.tv\/wp-content\/uploads\/2025\/10\/1ab78206-239a-438f-858d-3a21dd68d024-1024x768.jpeg\" alt=\"\" width=\"1024\" height=\"768\" \/><\/p>\n<p>HUKUKUN \u00dcST\u00dcNL\u00dc\u011e\u00dc VURGUSU<br \/>\nHukukun \u00fcst\u00fcnl\u00fc\u011f\u00fc ve adaletin tesisi i\u00e7in \u00f6zveriyle g\u00f6rev yapan hukuk camias\u0131na te\u015fekk\u00fcr eden Bakan Tun\u00e7, adalet hizmetlerinin vatanda\u015flara daha h\u0131zl\u0131 ve etkin \u015fekilde sunulmas\u0131 i\u00e7in \u00e7al\u0131\u015fmalar\u0131n s\u00fcrece\u011fini kaydetti.<\/p>\n<p><img decoding=\"async\" class=\"alignnone size-large wp-image-163462\" src=\"https:\/\/www.son.tv\/wp-content\/uploads\/2025\/10\/849242f5-71df-409f-aaec-ab3808719b56-768x1024.jpeg\" alt=\"\" width=\"768\" height=\"1024\" \/> <img loading=\"lazy\" decoding=\"async\" loading=\"lazy\" class=\"alignnone size-large wp-image-163463\" src=\"https:\/\/www.son.tv\/wp-content\/uploads\/2025\/10\/f108bda1-0d84-4961-b98a-b69cdb6a0c56-1024x768.jpeg\" alt=\"\" width=\"1024\" height=\"768\" \/> <img loading=\"lazy\" decoding=\"async\" loading=\"lazy\" class=\"alignnone size-large wp-image-163464\" src=\"https:\/\/www.son.tv\/wp-content\/uploads\/2025\/10\/89bc6968-9740-45b5-8238-77db849252f0-1024x768.jpeg\" alt=\"\" width=\"1024\" height=\"768\" \/> <img loading=\"lazy\" decoding=\"async\" loading=\"lazy\" class=\"alignnone size-large wp-image-163465\" src=\"https:\/\/www.son.tv\/wp-content\/uploads\/2025\/10\/053a8da3-089b-40ac-a647-33767d71d4d7-1024x768.jpeg\" alt=\"\" width=\"1024\" height=\"768\" \/> <img loading=\"lazy\" decoding=\"async\" loading=\"lazy\" class=\"alignnone size-large wp-image-163466\" src=\"https:\/\/www.son.tv\/wp-content\/uploads\/2025\/10\/5327062a-0123-405c-9797-e6c0ac40f80e-1024x768.jpeg\" alt=\"\" width=\"1024\" height=\"768\" \/> <img loading=\"lazy\" decoding=\"async\" loading=\"lazy\" class=\"alignnone size-large wp-image-163467\" src=\"https:\/\/www.son.tv\/wp-content\/uploads\/2025\/10\/d3a08748-0aa2-438b-b3cd-01d3276c5958-1024x768.jpeg\" alt=\"\" width=\"1024\" height=\"768\" \/> <img loading=\"lazy\" decoding=\"async\" loading=\"lazy\" class=\"alignnone size-large wp-image-163468\" src=\"https:\/\/www.son.tv\/wp-content\/uploads\/2025\/10\/ef1fec7e-e2da-4f9a-be17-0ede7f270a84-1024x768.jpeg\" alt=\"\" width=\"1024\" height=\"768\" \/> <img loading=\"lazy\" decoding=\"async\" loading=\"lazy\" class=\"alignnone size-large wp-image-163469\" src=\"https:\/\/www.son.tv\/wp-content\/uploads\/2025\/10\/50f0eadf-5129-4b52-96b2-49d876af8535-1024x768.jpeg\" alt=\"\" width=\"1024\" height=\"768\" \/> <img loading=\"lazy\" decoding=\"async\" loading=\"lazy\" class=\"alignnone size-large wp-image-163470\" src=\"https:\/\/www.son.tv\/wp-content\/uploads\/2025\/10\/6920d6fa-e5ce-42f5-a441-feeb36683664-1024x768.jpeg\" alt=\"\" width=\"1024\" height=\"768\" \/> <img loading=\"lazy\" decoding=\"async\" loading=\"lazy\" class=\"alignnone size-large wp-image-163471\" src=\"https:\/\/www.son.tv\/wp-content\/uploads\/2025\/10\/be54c4cb-406a-4949-9b54-c70e893623fd-1024x768.jpeg\" alt=\"\" width=\"1024\" height=\"768\" \/> <img loading=\"lazy\" decoding=\"async\" loading=\"lazy\" class=\"alignnone size-large wp-image-163472\" src=\"https:\/\/www.son.tv\/wp-content\/uploads\/2025\/10\/4a690717-a230-43b0-9738-0834963c40b4-1024x768.jpeg\" alt=\"\" width=\"1024\" height=\"768\" \/> <img loading=\"lazy\" decoding=\"async\" loading=\"lazy\" class=\"alignnone size-large wp-image-163473\" src=\"https:\/\/www.son.tv\/wp-content\/uploads\/2025\/10\/2dc873ab-783f-4255-bf6a-b9ecf655871a-1024x768.jpeg\" alt=\"\" width=\"1024\" height=\"768\" \/> <img loading=\"lazy\" decoding=\"async\" loading=\"lazy\" class=\"alignnone size-large wp-image-163474\" src=\"https:\/\/www.son.tv\/wp-content\/uploads\/2025\/10\/30f20958-f229-413d-82e8-693edcb66392-1024x768.jpeg\" alt=\"\" width=\"1024\" height=\"768\" \/> <img loading=\"lazy\" decoding=\"async\" loading=\"lazy\" class=\"alignnone size-large wp-image-163475\" src=\"https:\/\/www.son.tv\/wp-content\/uploads\/2025\/10\/3c29e87f-369a-4ab9-be49-8d723f598cac-1024x768.jpeg\" alt=\"\" width=\"1024\" height=\"768\" \/> <img loading=\"lazy\" decoding=\"async\" loading=\"lazy\" class=\"alignnone size-large wp-image-163476\" src=\"https:\/\/www.son.tv\/wp-content\/uploads\/2025\/10\/876ed249-b4fe-494e-bb89-4c7f98f2b8ab-768x1024.jpeg\" alt=\"\" width=\"768\" height=\"1024\" \/> <img loading=\"lazy\" decoding=\"async\" loading=\"lazy\" class=\"alignnone size-large wp-image-163477\" src=\"https:\/\/www.son.tv\/wp-content\/uploads\/2025\/10\/fdcd3812-70da-489d-998f-18baa8e1cc17-768x1024.jpeg\" alt=\"\" width=\"768\" height=\"1024\" \/> <img loading=\"lazy\" decoding=\"async\" loading=\"lazy\" class=\"alignnone size-large wp-image-163478\" src=\"https:\/\/www.son.tv\/wp-content\/uploads\/2025\/10\/ccc15e88-1375-436f-9ba9-7f7e36430ffb-1024x768.jpeg\" alt=\"\" width=\"1024\" height=\"768\" \/> <img loading=\"lazy\" decoding=\"async\" loading=\"lazy\" class=\"alignnone size-large wp-image-163479\" src=\"https:\/\/www.son.tv\/wp-content\/uploads\/2025\/10\/d7f4afd1-6767-41ed-9a8c-2b0c02da4c75-1024x768.jpeg\" alt=\"\" width=\"1024\" height=\"768\" \/> <img loading=\"lazy\" decoding=\"async\" loading=\"lazy\" class=\"alignnone size-large wp-image-163480\" src=\"https:\/\/www.son.tv\/wp-content\/uploads\/2025\/10\/de5cd53b-6066-4490-8a47-70e44b8c42dc-768x1024.jpeg\" alt=\"\" width=\"768\" height=\"1024\" \/> <img loading=\"lazy\" decoding=\"async\" loading=\"lazy\" class=\"alignnone size-large wp-image-163481\" src=\"https:\/\/www.son.tv\/wp-content\/uploads\/2025\/10\/18b912cf-550b-4216-940c-9d69bd7bf267-768x1024.jpeg\" alt=\"\" width=\"768\" height=\"1024\" \/> <img loading=\"lazy\" decoding=\"async\" loading=\"lazy\" class=\"alignnone size-large wp-image-163482\" src=\"https:\/\/www.son.tv\/wp-content\/uploads\/2025\/10\/e2d18433-dedf-43fd-bd74-3d4048e0632d-768x1024.jpeg\" alt=\"\" width=\"768\" height=\"1024\" \/> <img loading=\"lazy\" decoding=\"async\" loading=\"lazy\" class=\"alignnone size-large wp-image-163483\" src=\"https:\/\/www.son.tv\/wp-content\/uploads\/2025\/10\/da91718c-5ba4-4b89-b0de-d26b20f9fa81-1024x768.jpeg\" alt=\"\" width=\"1024\" height=\"768\" \/><\/p>\n<p>Adalet Bakan\u0131 Y\u0131lmaz Tun\u00e7, K\u0131rklareli Valili\u011fi, K\u0131rklareli Adalet Saray\u0131 ve K\u0131rklareli Barosu\u2019nu ziyaret ederek yarg\u0131 mensuplar\u0131 ve avukatlarla bir araya geldi.\u00a0<a href=\"https:\/\/www.son.tv\/adalet-bakani-tunc-kirklarelinde-temaslarda-bulundu\/\" target=\"_blank\" class=\"feedzy-rss-link-icon\">Read More<\/a><\/p>","protected":false},"excerpt":{"rendered":"<p>\u00d6nemli temaslarda bulunmak \u00fczere K\u0131rklareli\u2019ne gelen Adalet Bakan\u0131 Y\u0131lmaz Tun\u00e7, K\u0131rklareli Adalet Saray\u0131 ve K\u0131rklareli Barosu\u2019nu ziyaret ederek yarg\u0131 mensuplar\u0131 ve avukatlarla bir araya geldi. Burada yarg\u0131 mensuplar\u0131yla g\u00f6r\u00fc\u015fen Tun\u00e7, adalet hizmetlerinin etkinli\u011fini art\u0131rmaya y\u00f6nelik y\u00fcr\u00fct\u00fclen \u00e7al\u0131\u015fmalar hakk\u0131nda bilgi ald\u0131. HUKUKUN \u00dcST\u00dcNL\u00dc\u011e\u00dc VURGUSU Hukukun \u00fcst\u00fcnl\u00fc\u011f\u00fc ve adaletin tesisi i\u00e7in \u00f6zveriyle g\u00f6rev yapan hukuk camias\u0131na te\u015fekk\u00fcr [&hellip;]<\/p>\n","protected":false},"author":1,"featured_media":7147,"comment_status":"open","ping_status":"open","sticky":false,"template":"","format":"standard","meta":{"footnotes":"","_links_to":"","_links_to_target":""},"categories":[1],"tags":[],"class_list":["post-7146","post","type-post","status-publish","format-standard","has-post-thumbnail","hentry","category-haberler"],"_links":{"self":[{"href":"https:\/\/www.abchukuk.com\/index.php\/wp-json\/wp\/v2\/posts\/7146","targetHints":{"allow":["GET"]}}],"collection":[{"href":"https:\/\/www.abchukuk.com\/index.php\/wp-json\/wp\/v2\/posts"}],"about":[{"href":"https:\/\/www.abchukuk.com\/index.php\/wp-json\/wp\/v2\/types\/post"}],"author":[{"embeddable":true,"href":"https:\/\/www.abchukuk.com\/index.php\/wp-json\/wp\/v2\/users\/1"}],"replies":[{"embeddable":true,"href":"https:\/\/www.abchukuk.com\/index.php\/wp-json\/wp\/v2\/comments?post=7146"}],"version-history":[{"count":0,"href":"https:\/\/www.abchukuk.com\/index.php\/wp-json\/wp\/v2\/posts\/7146\/revisions"}],"wp:featuredmedia":[{"embeddable":true,"href":"https:\/\/www.abchukuk.com\/index.php\/wp-json\/wp\/v2\/media\/7147"}],"wp:attachment":[{"href":"https:\/\/www.abchukuk.com\/index.php\/wp-json\/wp\/v2\/media?parent=7146"}],"wp:term":[{"taxonomy":"category","embeddable":true,"href":"https:\/\/www.abchukuk.com\/index.php\/wp-json\/wp\/v2\/categories?post=7146"},{"taxonomy":"post_tag","embeddable":true,"href":"https:\/\/www.abchukuk.com\/index.php\/wp-json\/wp\/v2\/tags?post=7146"}],"curies":[{"name":"wp","href":"https:\/\/api.w.org\/{rel}","templated":true}]}}